{"id":7613,"date":"2018-08-28T15:48:03","date_gmt":"2018-08-28T15:48:03","guid":{"rendered":"http:\/\/staging.ibermusicas.org\/?p=7613"},"modified":"2021-07-01T15:49:33","modified_gmt":"2021-07-01T15:49:33","slug":"la-festa-antiqua-el-festival-de-musica-antigua-de-xalapa-veracruz-mexico-convoca-para-su-cuarta-edicion-a-grandes-artistas-entre-ellos-se-presentara-la-agrupacion-argentina-labor-intus","status":"publish","type":"post","link":"http:\/\/staging.ibermusicas.org\/index.php\/la-festa-antiqua-el-festival-de-musica-antigua-de-xalapa-veracruz-mexico-convoca-para-su-cuarta-edicion-a-grandes-artistas-entre-ellos-se-presentara-la-agrupacion-argentina-labor-intus\/","title":{"rendered":"La Festa Antiqua, el festival de m\u00fasica antigua de Xalapa, Veracruz, M\u00e9xico convoca para su cuarta edici\u00f3n a grandes artistas, entre ellos, se presentar\u00e1 la agrupaci\u00f3n argentina Labor Intus"},"content":{"rendered":"<p><span data-sheets-value=\"{&quot;1&quot;:2,&quot;2&quot;:&quot;M\u00e9xico, pa\u00eds destacado por su enorme movimiento de m\u00fasica antigua, sobre todo de interpretaciones barrocas, es un gran generador de festivales, encuentros y seminarios dedicados a esta frondosa rama de la m\u00fasica cl\u00e1sica que incluye la m\u00fasica medieval, la renacentista y la barroca.\\r \\r &quot;}\" data-sheets-userformat=\"{&quot;2&quot;:513,&quot;3&quot;:{&quot;1&quot;:0},&quot;12&quot;:0}\">M\u00e9xico, pa\u00eds destacado por su enorme movimiento de m\u00fasica antigua, sobre todo de interpretaciones barrocas, es un gran generador de festivales, encuentros y seminarios dedicados a esta frondosa rama de la m\u00fasica cl\u00e1sica que incluye la m\u00fasica medieval, la renacentista y la barroca. <\/span><\/p>\n","protected":false},"excerpt":{"rendered":"<p>M\u00e9xico, pa\u00eds destacado por su enorme movimiento de m\u00fasica antigua, sobre todo de interpretaciones barrocas, es un gran generador de festivales, encuentros y seminarios dedicados a esta frondosa rama de la m\u00fasica cl\u00e1sica que incluye la m\u00fasica medieval, la renacentista y la barroca.<\/p>\n","protected":false},"author":1,"featured_media":7614,"comment_status":"closed","ping_status":"closed","sticky":false,"template":"","format":"standard","meta":{"footnotes":""},"categories":[53],"tags":[],"class_list":["post-7613","post","type-post","status-publish","format-standard","has-post-thumbnail","hentry","category-noticias-generales"],"lang":"es","translations":{"es":7613},"pll_sync_post":[],"post_mailing_queue_ids":[],"_links":{"self":[{"href":"http:\/\/staging.ibermusicas.org\/index.php\/wp-json\/wp\/v2\/posts\/7613","targetHints":{"allow":["GET"]}}],"collection":[{"href":"http:\/\/staging.ibermusicas.org\/index.php\/wp-json\/wp\/v2\/posts"}],"about":[{"href":"http:\/\/staging.ibermusicas.org\/index.php\/wp-json\/wp\/v2\/types\/post"}],"author":[{"embeddable":true,"href":"http:\/\/staging.ibermusicas.org\/index.php\/wp-json\/wp\/v2\/users\/1"}],"replies":[{"embeddable":true,"href":"http:\/\/staging.ibermusicas.org\/index.php\/wp-json\/wp\/v2\/comments?post=7613"}],"version-history":[{"count":1,"href":"http:\/\/staging.ibermusicas.org\/index.php\/wp-json\/wp\/v2\/posts\/7613\/revisions"}],"predecessor-version":[{"id":7615,"href":"http:\/\/staging.ibermusicas.org\/index.php\/wp-json\/wp\/v2\/posts\/7613\/revisions\/7615"}],"wp:featuredmedia":[{"embeddable":true,"href":"http:\/\/staging.ibermusicas.org\/index.php\/wp-json\/wp\/v2\/media\/7614"}],"wp:attachment":[{"href":"http:\/\/staging.ibermusicas.org\/index.php\/wp-json\/wp\/v2\/media?parent=7613"}],"wp:term":[{"taxonomy":"category","embeddable":true,"href":"http:\/\/staging.ibermusicas.org\/index.php\/wp-json\/wp\/v2\/categories?post=7613"},{"taxonomy":"post_tag","embeddable":true,"href":"http:\/\/staging.ibermusicas.org\/index.php\/wp-json\/wp\/v2\/tags?post=7613"}],"curies":[{"name":"wp","href":"https:\/\/api.w.org\/{rel}","templated":true}]}}