{"id":7619,"date":"2018-09-20T15:51:50","date_gmt":"2018-09-20T15:51:50","guid":{"rendered":"http:\/\/staging.ibermusicas.org\/?p=7619"},"modified":"2021-07-01T15:53:11","modified_gmt":"2021-07-01T15:53:11","slug":"insax-el-cuarteto-de-saxofones-de-costa-rica-participara-de-la-7ma-edicion-del-festival-perusax-que-se-realizara-en-la-ciudad-de-ica","status":"publish","type":"post","link":"http:\/\/staging.ibermusicas.org\/index.php\/insax-el-cuarteto-de-saxofones-de-costa-rica-participara-de-la-7ma-edicion-del-festival-perusax-que-se-realizara-en-la-ciudad-de-ica\/","title":{"rendered":"InSax, el cuarteto de saxofones de Costa Rica, participar\u00e1 de la 7ma edici\u00f3n del Festival Per\u00faSax que se realizar\u00e1 en la ciudad de Ica"},"content":{"rendered":"<p><span data-sheets-value=\"{&quot;1&quot;:2,&quot;2&quot;:&quot;InSax es un grupo musical conformado por cuatro saxofonistas costarricenses: Gerardo Rojas, Checko D \u0301Avila, Jan Thalman y Guillermo Madr\u00edz, todos ellos profesionales muy reconocidos en el medio musical y que tocan juntos en diversos proyectos desde hace m\u00e1s de veinticinco a\u00f1os.\\r \\r &quot;}\" data-sheets-userformat=\"{&quot;2&quot;:513,&quot;3&quot;:{&quot;1&quot;:0},&quot;12&quot;:0}\">InSax es un grupo musical conformado por cuatro saxofonistas costarricenses: Gerardo Rojas, Checko D \u0301Avila, Jan Thalman y Guillermo Madr\u00edz, todos ellos profesionales muy reconocidos en el medio musical y que tocan juntos en diversos proyectos desde hace m\u00e1s de veinticinco a\u00f1os. <\/span><\/p>\n","protected":false},"excerpt":{"rendered":"<p>InSax es un grupo musical conformado por cuatro saxofonistas costarricenses: Gerardo Rojas, Checko D \u0301Avila, Jan Thalman y Guillermo Madr\u00edz, todos ellos profesionales muy reconocidos en el medio musical y que tocan juntos en diversos proyectos desde hace m\u00e1s de veinticinco a\u00f1os.<\/p>\n","protected":false},"author":1,"featured_media":7620,"comment_status":"closed","ping_status":"closed","sticky":false,"template":"","format":"standard","meta":{"footnotes":""},"categories":[53],"tags":[],"class_list":["post-7619","post","type-post","status-publish","format-standard","has-post-thumbnail","hentry","category-noticias-generales"],"lang":"es","translations":{"es":7619},"pll_sync_post":[],"post_mailing_queue_ids":[],"_links":{"self":[{"href":"http:\/\/staging.ibermusicas.org\/index.php\/wp-json\/wp\/v2\/posts\/7619","targetHints":{"allow":["GET"]}}],"collection":[{"href":"http:\/\/staging.ibermusicas.org\/index.php\/wp-json\/wp\/v2\/posts"}],"about":[{"href":"http:\/\/staging.ibermusicas.org\/index.php\/wp-json\/wp\/v2\/types\/post"}],"author":[{"embeddable":true,"href":"http:\/\/staging.ibermusicas.org\/index.php\/wp-json\/wp\/v2\/users\/1"}],"replies":[{"embeddable":true,"href":"http:\/\/staging.ibermusicas.org\/index.php\/wp-json\/wp\/v2\/comments?post=7619"}],"version-history":[{"count":1,"href":"http:\/\/staging.ibermusicas.org\/index.php\/wp-json\/wp\/v2\/posts\/7619\/revisions"}],"predecessor-version":[{"id":7621,"href":"http:\/\/staging.ibermusicas.org\/index.php\/wp-json\/wp\/v2\/posts\/7619\/revisions\/7621"}],"wp:featuredmedia":[{"embeddable":true,"href":"http:\/\/staging.ibermusicas.org\/index.php\/wp-json\/wp\/v2\/media\/7620"}],"wp:attachment":[{"href":"http:\/\/staging.ibermusicas.org\/index.php\/wp-json\/wp\/v2\/media?parent=7619"}],"wp:term":[{"taxonomy":"category","embeddable":true,"href":"http:\/\/staging.ibermusicas.org\/index.php\/wp-json\/wp\/v2\/categories?post=7619"},{"taxonomy":"post_tag","embeddable":true,"href":"http:\/\/staging.ibermusicas.org\/index.php\/wp-json\/wp\/v2\/tags?post=7619"}],"curies":[{"name":"wp","href":"https:\/\/api.w.org\/{rel}","templated":true}]}}