{"id":7622,"date":"2018-09-30T15:53:23","date_gmt":"2018-09-30T15:53:23","guid":{"rendered":"http:\/\/staging.ibermusicas.org\/?p=7622"},"modified":"2021-07-01T15:54:21","modified_gmt":"2021-07-01T15:54:21","slug":"tuvo-lugar-el-estreno-mundial-de-cromatismos-celestes-sous-les-cieux-del-compositor-mexicano-david-hernandez-ramos-obra-ganadora-del-2do-concurso-de-composicion-para-orquesta-sinfonica-ibermusicas","status":"publish","type":"post","link":"http:\/\/staging.ibermusicas.org\/index.php\/tuvo-lugar-el-estreno-mundial-de-cromatismos-celestes-sous-les-cieux-del-compositor-mexicano-david-hernandez-ramos-obra-ganadora-del-2do-concurso-de-composicion-para-orquesta-sinfonica-ibermusicas\/","title":{"rendered":"Tuvo lugar el estreno mundial de Cromatismos celestes (Sous les cieux) del compositor mexicano David Hern\u00e1ndez Ramos, obra ganadora del 2do. Concurso de Composici\u00f3n para Orquesta Sinf\u00f3nica Iberm\u00fasicas 2016"},"content":{"rendered":"<p><span data-sheets-value=\"{&quot;1&quot;:2,&quot;2&quot;:&quot;El d\u00eda 21 de septiembre se realiz\u00f3 en la Ciudad de M\u00e9xico el estreno mundial de la obra en el marco del Concierto Inaugural del XL Foro Internacional de M\u00fasica Nueva Manuel Enr\u00edquez en el Palacio de Bellas Artes de M\u00e9xico. El estreno fue coronado con un gran recibimiento del p\u00fablico\\r &quot;}\" data-sheets-userformat=\"{&quot;2&quot;:513,&quot;3&quot;:{&quot;1&quot;:0},&quot;12&quot;:0}\">El d\u00eda 21 de septiembre se realiz\u00f3 en la Ciudad de M\u00e9xico el estreno mundial de la obra en el marco del Concierto Inaugural del XL Foro Internacional de M\u00fasica Nueva Manuel Enr\u00edquez en el Palacio de Bellas Artes de M\u00e9xico. El estreno fue coronado con un gran recibimiento del p\u00fablico <\/span><\/p>\n","protected":false},"excerpt":{"rendered":"<p>El d\u00eda 21 de septiembre se realiz\u00f3 en la Ciudad de M\u00e9xico el estreno mundial de la obra en el marco del Concierto Inaugural del XL Foro Internacional de M\u00fasica Nueva Manuel Enr\u00edquez en el Palacio de Bellas Artes de M\u00e9xico. El estreno fue coronado con un gran recibimiento del p\u00fablico<\/p>\n","protected":false},"author":1,"featured_media":7623,"comment_status":"closed","ping_status":"closed","sticky":false,"template":"","format":"standard","meta":{"footnotes":""},"categories":[53],"tags":[],"class_list":["post-7622","post","type-post","status-publish","format-standard","has-post-thumbnail","hentry","category-noticias-generales"],"lang":"es","translations":{"es":7622},"pll_sync_post":[],"post_mailing_queue_ids":[],"_links":{"self":[{"href":"http:\/\/staging.ibermusicas.org\/index.php\/wp-json\/wp\/v2\/posts\/7622","targetHints":{"allow":["GET"]}}],"collection":[{"href":"http:\/\/staging.ibermusicas.org\/index.php\/wp-json\/wp\/v2\/posts"}],"about":[{"href":"http:\/\/staging.ibermusicas.org\/index.php\/wp-json\/wp\/v2\/types\/post"}],"author":[{"embeddable":true,"href":"http:\/\/staging.ibermusicas.org\/index.php\/wp-json\/wp\/v2\/users\/1"}],"replies":[{"embeddable":true,"href":"http:\/\/staging.ibermusicas.org\/index.php\/wp-json\/wp\/v2\/comments?post=7622"}],"version-history":[{"count":2,"href":"http:\/\/staging.ibermusicas.org\/index.php\/wp-json\/wp\/v2\/posts\/7622\/revisions"}],"predecessor-version":[{"id":7625,"href":"http:\/\/staging.ibermusicas.org\/index.php\/wp-json\/wp\/v2\/posts\/7622\/revisions\/7625"}],"wp:featuredmedia":[{"embeddable":true,"href":"http:\/\/staging.ibermusicas.org\/index.php\/wp-json\/wp\/v2\/media\/7623"}],"wp:attachment":[{"href":"http:\/\/staging.ibermusicas.org\/index.php\/wp-json\/wp\/v2\/media?parent=7622"}],"wp:term":[{"taxonomy":"category","embeddable":true,"href":"http:\/\/staging.ibermusicas.org\/index.php\/wp-json\/wp\/v2\/categories?post=7622"},{"taxonomy":"post_tag","embeddable":true,"href":"http:\/\/staging.ibermusicas.org\/index.php\/wp-json\/wp\/v2\/tags?post=7622"}],"curies":[{"name":"wp","href":"https:\/\/api.w.org\/{rel}","templated":true}]}}