{"id":7626,"date":"2018-09-22T15:54:32","date_gmt":"2018-09-22T15:54:32","guid":{"rendered":"http:\/\/staging.ibermusicas.org\/?p=7626"},"modified":"2021-07-01T15:55:30","modified_gmt":"2021-07-01T15:55:30","slug":"la-banda-paraguaya-villagran-bolanos-desembarca-nuevamente-en-mexico-en-el-mes-de-octubre","status":"publish","type":"post","link":"http:\/\/staging.ibermusicas.org\/index.php\/la-banda-paraguaya-villagran-bolanos-desembarca-nuevamente-en-mexico-en-el-mes-de-octubre\/","title":{"rendered":"La banda paraguaya Villagr\u00e1n Bola\u00f1os desembarca nuevamente en M\u00e9xico en el mes de octubre"},"content":{"rendered":"<p><span data-sheets-value=\"{&quot;1&quot;:2,&quot;2&quot;:&quot;La banda nacida en el 2011 mezcla ritmos latinoamericanos con rock and roll crudo. Maneja una f\u00f3rmula que combina buenas canciones, ritmo, humor, iron\u00eda, contundencia instrumental y algunas gotas de m\u00fasica de ra\u00edz. &quot;}\" data-sheets-userformat=\"{&quot;2&quot;:513,&quot;3&quot;:{&quot;1&quot;:0},&quot;12&quot;:0}\">La banda nacida en el 2011 mezcla ritmos latinoamericanos con rock and roll crudo. Maneja una f\u00f3rmula que combina buenas canciones, ritmo, humor, iron\u00eda, contundencia instrumental y algunas gotas de m\u00fasica de ra\u00edz. <\/span><\/p>\n","protected":false},"excerpt":{"rendered":"<p>La banda nacida en el 2011 mezcla ritmos latinoamericanos con rock and roll crudo. Maneja una f\u00f3rmula que combina buenas canciones, ritmo, humor, iron\u00eda, contundencia instrumental y algunas gotas de m\u00fasica de ra\u00edz.<\/p>\n","protected":false},"author":1,"featured_media":7627,"comment_status":"closed","ping_status":"closed","sticky":false,"template":"","format":"standard","meta":{"footnotes":""},"categories":[53],"tags":[],"class_list":["post-7626","post","type-post","status-publish","format-standard","has-post-thumbnail","hentry","category-noticias-generales"],"lang":"es","translations":{"es":7626},"pll_sync_post":[],"post_mailing_queue_ids":[],"_links":{"self":[{"href":"http:\/\/staging.ibermusicas.org\/index.php\/wp-json\/wp\/v2\/posts\/7626","targetHints":{"allow":["GET"]}}],"collection":[{"href":"http:\/\/staging.ibermusicas.org\/index.php\/wp-json\/wp\/v2\/posts"}],"about":[{"href":"http:\/\/staging.ibermusicas.org\/index.php\/wp-json\/wp\/v2\/types\/post"}],"author":[{"embeddable":true,"href":"http:\/\/staging.ibermusicas.org\/index.php\/wp-json\/wp\/v2\/users\/1"}],"replies":[{"embeddable":true,"href":"http:\/\/staging.ibermusicas.org\/index.php\/wp-json\/wp\/v2\/comments?post=7626"}],"version-history":[{"count":1,"href":"http:\/\/staging.ibermusicas.org\/index.php\/wp-json\/wp\/v2\/posts\/7626\/revisions"}],"predecessor-version":[{"id":7628,"href":"http:\/\/staging.ibermusicas.org\/index.php\/wp-json\/wp\/v2\/posts\/7626\/revisions\/7628"}],"wp:featuredmedia":[{"embeddable":true,"href":"http:\/\/staging.ibermusicas.org\/index.php\/wp-json\/wp\/v2\/media\/7627"}],"wp:attachment":[{"href":"http:\/\/staging.ibermusicas.org\/index.php\/wp-json\/wp\/v2\/media?parent=7626"}],"wp:term":[{"taxonomy":"category","embeddable":true,"href":"http:\/\/staging.ibermusicas.org\/index.php\/wp-json\/wp\/v2\/categories?post=7626"},{"taxonomy":"post_tag","embeddable":true,"href":"http:\/\/staging.ibermusicas.org\/index.php\/wp-json\/wp\/v2\/tags?post=7626"}],"curies":[{"name":"wp","href":"https:\/\/api.w.org\/{rel}","templated":true}]}}