{"id":7629,"date":"2018-10-07T15:56:15","date_gmt":"2018-10-07T15:56:15","guid":{"rendered":"http:\/\/staging.ibermusicas.org\/?p=7629"},"modified":"2021-07-01T15:57:37","modified_gmt":"2021-07-01T15:57:37","slug":"cantarte-el-grupo-vocal-a-capella-de-paraguay-se-presentara-en-el-festival-corpacoros-internacional-de-colombia","status":"publish","type":"post","link":"http:\/\/staging.ibermusicas.org\/index.php\/cantarte-el-grupo-vocal-a-capella-de-paraguay-se-presentara-en-el-festival-corpacoros-internacional-de-colombia\/","title":{"rendered":"Cantarte, el grupo vocal a capella de Paraguay, se presentar\u00e1 en el festival Corpacoros Internacional de Colombia"},"content":{"rendered":"<p><span data-sheets-value=\"{&quot;1&quot;:2,&quot;2&quot;:&quot;El Grupo Vocal Cantarte es un sexteto mixto que tiene la particularidad de realizar todo su repertorio sin acompa\u00f1amiento instrumental, es decir a capella, incorporando a las armon\u00edas ya existentes la t\u00e9cnica de percusi\u00f3n vocal. Cuenta con 16 a\u00f1os de carrera y actualmente es el \u00fanico en este estilo y con esa trayectoria en el pa\u00eds.\\r \\r &quot;}\" data-sheets-userformat=\"{&quot;2&quot;:513,&quot;3&quot;:{&quot;1&quot;:0},&quot;12&quot;:0}\">El Grupo Vocal Cantarte es un sexteto mixto que tiene la particularidad de realizar todo su repertorio sin acompa\u00f1amiento instrumental, es decir a capella, incorporando a las armon\u00edas ya existentes la t\u00e9cnica de percusi\u00f3n vocal. Cuenta con 16 a\u00f1os de carrera y actualmente es el \u00fanico en este estilo y con esa trayectoria en el pa\u00eds. <\/span><\/p>\n","protected":false},"excerpt":{"rendered":"<p>El Grupo Vocal Cantarte es un sexteto mixto que tiene la particularidad de realizar todo su repertorio sin acompa\u00f1amiento instrumental, es decir a capella, incorporando a las armon\u00edas ya existentes la t\u00e9cnica de percusi\u00f3n vocal. Cuenta con 16 a\u00f1os de carrera y actualmente es el \u00fanico en este estilo y con esa trayectoria en el [&hellip;]<\/p>\n","protected":false},"author":1,"featured_media":7631,"comment_status":"closed","ping_status":"closed","sticky":false,"template":"","format":"standard","meta":{"footnotes":""},"categories":[53],"tags":[],"class_list":["post-7629","post","type-post","status-publish","format-standard","has-post-thumbnail","hentry","category-noticias-generales"],"lang":"es","translations":{"es":7629},"pll_sync_post":[],"post_mailing_queue_ids":[],"_links":{"self":[{"href":"http:\/\/staging.ibermusicas.org\/index.php\/wp-json\/wp\/v2\/posts\/7629","targetHints":{"allow":["GET"]}}],"collection":[{"href":"http:\/\/staging.ibermusicas.org\/index.php\/wp-json\/wp\/v2\/posts"}],"about":[{"href":"http:\/\/staging.ibermusicas.org\/index.php\/wp-json\/wp\/v2\/types\/post"}],"author":[{"embeddable":true,"href":"http:\/\/staging.ibermusicas.org\/index.php\/wp-json\/wp\/v2\/users\/1"}],"replies":[{"embeddable":true,"href":"http:\/\/staging.ibermusicas.org\/index.php\/wp-json\/wp\/v2\/comments?post=7629"}],"version-history":[{"count":1,"href":"http:\/\/staging.ibermusicas.org\/index.php\/wp-json\/wp\/v2\/posts\/7629\/revisions"}],"predecessor-version":[{"id":7632,"href":"http:\/\/staging.ibermusicas.org\/index.php\/wp-json\/wp\/v2\/posts\/7629\/revisions\/7632"}],"wp:featuredmedia":[{"embeddable":true,"href":"http:\/\/staging.ibermusicas.org\/index.php\/wp-json\/wp\/v2\/media\/7631"}],"wp:attachment":[{"href":"http:\/\/staging.ibermusicas.org\/index.php\/wp-json\/wp\/v2\/media?parent=7629"}],"wp:term":[{"taxonomy":"category","embeddable":true,"href":"http:\/\/staging.ibermusicas.org\/index.php\/wp-json\/wp\/v2\/categories?post=7629"},{"taxonomy":"post_tag","embeddable":true,"href":"http:\/\/staging.ibermusicas.org\/index.php\/wp-json\/wp\/v2\/tags?post=7629"}],"curies":[{"name":"wp","href":"https:\/\/api.w.org\/{rel}","templated":true}]}}