{"id":7634,"date":"2018-10-02T15:57:49","date_gmt":"2018-10-02T15:57:49","guid":{"rendered":"http:\/\/staging.ibermusicas.org\/?p=7634"},"modified":"2021-07-01T15:58:34","modified_gmt":"2021-07-01T15:58:34","slug":"el-festival-jazz-al-este-convoca-musicos-de-la-triple-frontera-en-ciudad-del-este-paraguay-entre-ellos-se-presentara-el-musico-argentino-sergio-coelho","status":"publish","type":"post","link":"http:\/\/staging.ibermusicas.org\/index.php\/el-festival-jazz-al-este-convoca-musicos-de-la-triple-frontera-en-ciudad-del-este-paraguay-entre-ellos-se-presentara-el-musico-argentino-sergio-coelho\/","title":{"rendered":"El Festival Jazz al Este convoca m\u00fasicos de la triple frontera en Ciudad del Este, Paraguay, entre ellos se presentar\u00e1 el m\u00fasico argentino Sergio Coelho"},"content":{"rendered":"<p><span data-sheets-value=\"{&quot;1&quot;:2,&quot;2&quot;:&quot;El Festival Internacional de Jazz al Este llega a su tercera edici\u00f3n. En esta entrega volver\u00e1 a llevar a Ciudad del Este el mejor jazz de la regi\u00f3n para celebrar la diversidad cultural de la triple frontera. Conciertos, talleres e intercambio cultural en tres d\u00edas en los que se colmar\u00e1n de m\u00fasica todos los rincones de la ciudad.\\r \\r &quot;}\" data-sheets-userformat=\"{&quot;2&quot;:513,&quot;3&quot;:{&quot;1&quot;:0},&quot;12&quot;:0}\">El Festival Internacional de Jazz al Este llega a su tercera edici\u00f3n. En esta entrega volver\u00e1 a llevar a Ciudad del Este el mejor jazz de la regi\u00f3n para celebrar la diversidad cultural de la triple frontera. Conciertos, talleres e intercambio cultural en tres d\u00edas en los que se colmar\u00e1n de m\u00fasica todos los rincones de la ciudad. <\/span><\/p>\n","protected":false},"excerpt":{"rendered":"<p>El Festival Internacional de Jazz al Este llega a su tercera edici\u00f3n. En esta entrega volver\u00e1 a llevar a Ciudad del Este el mejor jazz de la regi\u00f3n para celebrar la diversidad cultural de la triple frontera. Conciertos, talleres e intercambio cultural en tres d\u00edas en los que se colmar\u00e1n de m\u00fasica todos los rincones [&hellip;]<\/p>\n","protected":false},"author":1,"featured_media":7630,"comment_status":"closed","ping_status":"closed","sticky":false,"template":"","format":"standard","meta":{"footnotes":""},"categories":[53],"tags":[],"class_list":["post-7634","post","type-post","status-publish","format-standard","has-post-thumbnail","hentry","category-noticias-generales"],"lang":"es","translations":{"es":7634},"pll_sync_post":[],"post_mailing_queue_ids":[],"_links":{"self":[{"href":"http:\/\/staging.ibermusicas.org\/index.php\/wp-json\/wp\/v2\/posts\/7634","targetHints":{"allow":["GET"]}}],"collection":[{"href":"http:\/\/staging.ibermusicas.org\/index.php\/wp-json\/wp\/v2\/posts"}],"about":[{"href":"http:\/\/staging.ibermusicas.org\/index.php\/wp-json\/wp\/v2\/types\/post"}],"author":[{"embeddable":true,"href":"http:\/\/staging.ibermusicas.org\/index.php\/wp-json\/wp\/v2\/users\/1"}],"replies":[{"embeddable":true,"href":"http:\/\/staging.ibermusicas.org\/index.php\/wp-json\/wp\/v2\/comments?post=7634"}],"version-history":[{"count":1,"href":"http:\/\/staging.ibermusicas.org\/index.php\/wp-json\/wp\/v2\/posts\/7634\/revisions"}],"predecessor-version":[{"id":7635,"href":"http:\/\/staging.ibermusicas.org\/index.php\/wp-json\/wp\/v2\/posts\/7634\/revisions\/7635"}],"wp:featuredmedia":[{"embeddable":true,"href":"http:\/\/staging.ibermusicas.org\/index.php\/wp-json\/wp\/v2\/media\/7630"}],"wp:attachment":[{"href":"http:\/\/staging.ibermusicas.org\/index.php\/wp-json\/wp\/v2\/media?parent=7634"}],"wp:term":[{"taxonomy":"category","embeddable":true,"href":"http:\/\/staging.ibermusicas.org\/index.php\/wp-json\/wp\/v2\/categories?post=7634"},{"taxonomy":"post_tag","embeddable":true,"href":"http:\/\/staging.ibermusicas.org\/index.php\/wp-json\/wp\/v2\/tags?post=7634"}],"curies":[{"name":"wp","href":"https:\/\/api.w.org\/{rel}","templated":true}]}}