{"id":7646,"date":"2018-09-24T11:23:05","date_gmt":"2018-09-24T11:23:05","guid":{"rendered":"http:\/\/staging.ibermusicas.org\/?p=7646"},"modified":"2021-07-03T11:24:43","modified_gmt":"2021-07-03T11:24:43","slug":"dentro-del-40-foro-internacional-de-musica-nueva-de-mexico-se-realizara-el-estreno-mundial-de-cantos-de-nezahualcoyotl-obra-creada-por-el-compositor-mexicano-gabriel-gutierrez-arellano-y-ganadora-del","status":"publish","type":"post","link":"http:\/\/staging.ibermusicas.org\/index.php\/dentro-del-40-foro-internacional-de-musica-nueva-de-mexico-se-realizara-el-estreno-mundial-de-cantos-de-nezahualcoyotl-obra-creada-por-el-compositor-mexicano-gabriel-gutierrez-arellano-y-ganadora-del\/","title":{"rendered":"Dentro del 40 Foro Internacional de M\u00fasica Nueva de M\u00e9xico se realizar\u00e1 el estreno mundial de Cantos de Nezahualc\u00f3yotl, obra creada por el compositor mexicano Gabriel Guti\u00e9rrez Arellano y ganadora del 1er. Concurso Iberoamericano de Composici\u00f3n Coral"},"content":{"rendered":"<p><span data-sheets-value=\"{&quot;1&quot;:2,&quot;2&quot;:&quot;El maestro Guti\u00e9rrez Arellano nos dice sobre los textos de su obra: \u201cAl explorar la obra de Nezahualc\u00f3yotl me sorprendieron dos elementos recurrentes en sus poemas. El primero fue su sorpresiva sencillez, tanto en longitud como en m\u00e9trica e incluso en la tem\u00e1tica. &quot;}\" data-sheets-userformat=\"{&quot;2&quot;:513,&quot;3&quot;:{&quot;1&quot;:0},&quot;12&quot;:0}\">El maestro Guti\u00e9rrez Arellano nos dice sobre los textos de su obra: \u201cAl explorar la obra de Nezahualc\u00f3yotl me sorprendieron dos elementos recurrentes en sus poemas. El primero fue su sorpresiva sencillez, tanto en longitud como en m\u00e9trica e incluso en la tem\u00e1tica. <\/span><\/p>\n","protected":false},"excerpt":{"rendered":"<p>El maestro Guti\u00e9rrez Arellano nos dice sobre los textos de su obra: \u201cAl explorar la obra de Nezahualc\u00f3yotl me sorprendieron dos elementos recurrentes en sus poemas. El primero fue su sorpresiva sencillez, tanto en longitud como en m\u00e9trica e incluso en la tem\u00e1tica.<\/p>\n","protected":false},"author":1,"featured_media":7648,"comment_status":"closed","ping_status":"closed","sticky":false,"template":"","format":"standard","meta":{"footnotes":""},"categories":[53],"tags":[],"class_list":["post-7646","post","type-post","status-publish","format-standard","has-post-thumbnail","hentry","category-noticias-generales"],"lang":"es","translations":{"es":7646},"pll_sync_post":[],"post_mailing_queue_ids":[],"_links":{"self":[{"href":"http:\/\/staging.ibermusicas.org\/index.php\/wp-json\/wp\/v2\/posts\/7646","targetHints":{"allow":["GET"]}}],"collection":[{"href":"http:\/\/staging.ibermusicas.org\/index.php\/wp-json\/wp\/v2\/posts"}],"about":[{"href":"http:\/\/staging.ibermusicas.org\/index.php\/wp-json\/wp\/v2\/types\/post"}],"author":[{"embeddable":true,"href":"http:\/\/staging.ibermusicas.org\/index.php\/wp-json\/wp\/v2\/users\/1"}],"replies":[{"embeddable":true,"href":"http:\/\/staging.ibermusicas.org\/index.php\/wp-json\/wp\/v2\/comments?post=7646"}],"version-history":[{"count":2,"href":"http:\/\/staging.ibermusicas.org\/index.php\/wp-json\/wp\/v2\/posts\/7646\/revisions"}],"predecessor-version":[{"id":7649,"href":"http:\/\/staging.ibermusicas.org\/index.php\/wp-json\/wp\/v2\/posts\/7646\/revisions\/7649"}],"wp:featuredmedia":[{"embeddable":true,"href":"http:\/\/staging.ibermusicas.org\/index.php\/wp-json\/wp\/v2\/media\/7648"}],"wp:attachment":[{"href":"http:\/\/staging.ibermusicas.org\/index.php\/wp-json\/wp\/v2\/media?parent=7646"}],"wp:term":[{"taxonomy":"category","embeddable":true,"href":"http:\/\/staging.ibermusicas.org\/index.php\/wp-json\/wp\/v2\/categories?post=7646"},{"taxonomy":"post_tag","embeddable":true,"href":"http:\/\/staging.ibermusicas.org\/index.php\/wp-json\/wp\/v2\/tags?post=7646"}],"curies":[{"name":"wp","href":"https:\/\/api.w.org\/{rel}","templated":true}]}}