{"id":7650,"date":"2018-10-06T11:24:59","date_gmt":"2018-10-06T11:24:59","guid":{"rendered":"http:\/\/staging.ibermusicas.org\/?p=7650"},"modified":"2021-07-03T11:26:21","modified_gmt":"2021-07-03T11:26:21","slug":"el-duo-conformado-por-los-cancionistas-peruanos-alejandro-y-maria-laura-se-presentara-en-distintas-ciudades-de-chile-y-argentina","status":"publish","type":"post","link":"http:\/\/staging.ibermusicas.org\/index.php\/el-duo-conformado-por-los-cancionistas-peruanos-alejandro-y-maria-laura-se-presentara-en-distintas-ciudades-de-chile-y-argentina\/","title":{"rendered":"El d\u00fao conformado por los cancionistas peruanos Alejandro y Mar\u00eda Laura se presentar\u00e1 en distintas ciudades de Chile y Argentina"},"content":{"rendered":"<p><span data-sheets-value=\"{&quot;1&quot;:2,&quot;2&quot;:&quot;D\u00fao, banda, pareja, co-autores, viajeros. Desde el 2009, la dupla peruana Alejandro y Mar\u00eda Laura ha venido compartiendo canciones entra\u00f1ables. Seg\u00fan Fidel Guti\u00e9rrez del Diario El Peruano \u201csu principal virtud, sin duda, es la de crear canciones en las que la melancol\u00eda es agridulce, los odios tienen una carga de cari\u00f1o y la ternura est\u00e1 inoculada hasta en las emociones m\u00e1s extremas\u201d.\\r \\r &quot;}\" data-sheets-userformat=\"{&quot;2&quot;:513,&quot;3&quot;:{&quot;1&quot;:0},&quot;12&quot;:0}\">D\u00fao, banda, pareja, co-autores, viajeros. Desde el 2009, la dupla peruana Alejandro y Mar\u00eda Laura ha venido compartiendo canciones entra\u00f1ables. Seg\u00fan Fidel Guti\u00e9rrez del Diario El Peruano \u201csu principal virtud, sin duda, es la de crear canciones en las que la melancol\u00eda es agridulce, los odios tienen una carga de cari\u00f1o y la ternura est\u00e1 inoculada hasta en las emociones m\u00e1s extremas\u201d. <\/span><\/p>\n","protected":false},"excerpt":{"rendered":"<p>D\u00fao, banda, pareja, co-autores, viajeros. Desde el 2009, la dupla peruana Alejandro y Mar\u00eda Laura ha venido compartiendo canciones entra\u00f1ables. Seg\u00fan Fidel Guti\u00e9rrez del Diario El Peruano \u201csu principal virtud, sin duda, es la de crear canciones en las que la melancol\u00eda es agridulce, los odios tienen una carga de cari\u00f1o y la ternura est\u00e1 [&hellip;]<\/p>\n","protected":false},"author":1,"featured_media":7651,"comment_status":"closed","ping_status":"closed","sticky":false,"template":"","format":"standard","meta":{"footnotes":""},"categories":[53],"tags":[],"class_list":["post-7650","post","type-post","status-publish","format-standard","has-post-thumbnail","hentry","category-noticias-generales"],"lang":"es","translations":{"es":7650},"pll_sync_post":[],"post_mailing_queue_ids":[],"_links":{"self":[{"href":"http:\/\/staging.ibermusicas.org\/index.php\/wp-json\/wp\/v2\/posts\/7650","targetHints":{"allow":["GET"]}}],"collection":[{"href":"http:\/\/staging.ibermusicas.org\/index.php\/wp-json\/wp\/v2\/posts"}],"about":[{"href":"http:\/\/staging.ibermusicas.org\/index.php\/wp-json\/wp\/v2\/types\/post"}],"author":[{"embeddable":true,"href":"http:\/\/staging.ibermusicas.org\/index.php\/wp-json\/wp\/v2\/users\/1"}],"replies":[{"embeddable":true,"href":"http:\/\/staging.ibermusicas.org\/index.php\/wp-json\/wp\/v2\/comments?post=7650"}],"version-history":[{"count":1,"href":"http:\/\/staging.ibermusicas.org\/index.php\/wp-json\/wp\/v2\/posts\/7650\/revisions"}],"predecessor-version":[{"id":7652,"href":"http:\/\/staging.ibermusicas.org\/index.php\/wp-json\/wp\/v2\/posts\/7650\/revisions\/7652"}],"wp:featuredmedia":[{"embeddable":true,"href":"http:\/\/staging.ibermusicas.org\/index.php\/wp-json\/wp\/v2\/media\/7651"}],"wp:attachment":[{"href":"http:\/\/staging.ibermusicas.org\/index.php\/wp-json\/wp\/v2\/media?parent=7650"}],"wp:term":[{"taxonomy":"category","embeddable":true,"href":"http:\/\/staging.ibermusicas.org\/index.php\/wp-json\/wp\/v2\/categories?post=7650"},{"taxonomy":"post_tag","embeddable":true,"href":"http:\/\/staging.ibermusicas.org\/index.php\/wp-json\/wp\/v2\/tags?post=7650"}],"curies":[{"name":"wp","href":"https:\/\/api.w.org\/{rel}","templated":true}]}}