{"id":7653,"date":"2018-10-10T11:26:33","date_gmt":"2018-10-10T11:26:33","guid":{"rendered":"http:\/\/staging.ibermusicas.org\/?p=7653"},"modified":"2021-07-03T11:27:44","modified_gmt":"2021-07-03T11:27:44","slug":"la-cantora-y-compositora-brasilena-ana-paula-da-silva-inicia-una-gira-que-la-llevara-por-escenarios-de-argentina-chile-y-uruguay","status":"publish","type":"post","link":"http:\/\/staging.ibermusicas.org\/index.php\/la-cantora-y-compositora-brasilena-ana-paula-da-silva-inicia-una-gira-que-la-llevara-por-escenarios-de-argentina-chile-y-uruguay\/","title":{"rendered":"La cantora y compositora brasile\u00f1a Ana Paula Da Silva inicia una gira que la llevar\u00e1 por escenarios de Argentina, Chile y Uruguay"},"content":{"rendered":"<p><span data-sheets-value=\"{&quot;1&quot;:2,&quot;2&quot;:&quot;Compositora, int\u00e9rprete y productora, nacida en Joinville (Santa Catarina, Brasil) y calificada en su pa\u00eds y en Europa como una de las mejores int\u00e9rpretes contempor\u00e1neas del momento, se volc\u00f3 a la m\u00fasica guiada por su padre, quien le ense\u00f1\u00f3 obras de compositores brasile\u00f1os. &quot;}\" data-sheets-userformat=\"{&quot;2&quot;:513,&quot;3&quot;:{&quot;1&quot;:0},&quot;12&quot;:0}\">Compositora, int\u00e9rprete y productora, nacida en Joinville (Santa Catarina, Brasil) y calificada en su pa\u00eds y en Europa como una de las mejores int\u00e9rpretes contempor\u00e1neas del momento, se volc\u00f3 a la m\u00fasica guiada por su padre, quien le ense\u00f1\u00f3 obras de compositores brasile\u00f1os. <\/span><\/p>\n","protected":false},"excerpt":{"rendered":"<p>Compositora, int\u00e9rprete y productora, nacida en Joinville (Santa Catarina, Brasil) y calificada en su pa\u00eds y en Europa como una de las mejores int\u00e9rpretes contempor\u00e1neas del momento, se volc\u00f3 a la m\u00fasica guiada por su padre, quien le ense\u00f1\u00f3 obras de compositores brasile\u00f1os.<\/p>\n","protected":false},"author":1,"featured_media":7654,"comment_status":"closed","ping_status":"closed","sticky":false,"template":"","format":"standard","meta":{"footnotes":""},"categories":[53],"tags":[],"class_list":["post-7653","post","type-post","status-publish","format-standard","has-post-thumbnail","hentry","category-noticias-generales"],"lang":"es","translations":{"es":7653},"pll_sync_post":[],"post_mailing_queue_ids":[],"_links":{"self":[{"href":"http:\/\/staging.ibermusicas.org\/index.php\/wp-json\/wp\/v2\/posts\/7653","targetHints":{"allow":["GET"]}}],"collection":[{"href":"http:\/\/staging.ibermusicas.org\/index.php\/wp-json\/wp\/v2\/posts"}],"about":[{"href":"http:\/\/staging.ibermusicas.org\/index.php\/wp-json\/wp\/v2\/types\/post"}],"author":[{"embeddable":true,"href":"http:\/\/staging.ibermusicas.org\/index.php\/wp-json\/wp\/v2\/users\/1"}],"replies":[{"embeddable":true,"href":"http:\/\/staging.ibermusicas.org\/index.php\/wp-json\/wp\/v2\/comments?post=7653"}],"version-history":[{"count":1,"href":"http:\/\/staging.ibermusicas.org\/index.php\/wp-json\/wp\/v2\/posts\/7653\/revisions"}],"predecessor-version":[{"id":7655,"href":"http:\/\/staging.ibermusicas.org\/index.php\/wp-json\/wp\/v2\/posts\/7653\/revisions\/7655"}],"wp:featuredmedia":[{"embeddable":true,"href":"http:\/\/staging.ibermusicas.org\/index.php\/wp-json\/wp\/v2\/media\/7654"}],"wp:attachment":[{"href":"http:\/\/staging.ibermusicas.org\/index.php\/wp-json\/wp\/v2\/media?parent=7653"}],"wp:term":[{"taxonomy":"category","embeddable":true,"href":"http:\/\/staging.ibermusicas.org\/index.php\/wp-json\/wp\/v2\/categories?post=7653"},{"taxonomy":"post_tag","embeddable":true,"href":"http:\/\/staging.ibermusicas.org\/index.php\/wp-json\/wp\/v2\/tags?post=7653"}],"curies":[{"name":"wp","href":"https:\/\/api.w.org\/{rel}","templated":true}]}}