{"id":7656,"date":"2018-10-04T11:28:01","date_gmt":"2018-10-04T11:28:01","guid":{"rendered":"http:\/\/staging.ibermusicas.org\/?p=7656"},"modified":"2021-07-03T11:29:09","modified_gmt":"2021-07-03T11:29:09","slug":"como-concierto-inaugural-del-v-concurso-iberico-de-musica-de-camara-con-arpa-la-gran-arpista-mexicana-mercedes-gomez-benet-estrenara-la-obra-dos-dalias-de-gerardo-tamez","status":"publish","type":"post","link":"http:\/\/staging.ibermusicas.org\/index.php\/como-concierto-inaugural-del-v-concurso-iberico-de-musica-de-camara-con-arpa-la-gran-arpista-mexicana-mercedes-gomez-benet-estrenara-la-obra-dos-dalias-de-gerardo-tamez\/","title":{"rendered":"Como concierto inaugural del V Concurso Ib\u00e9rico de M\u00fasica de C\u00e1mara con Arpa, la gran arpista mexicana Mercedes G\u00f3mez Benet estrenar\u00e1 la obra Dos Dalias de Gerardo Tamez"},"content":{"rendered":"<p><span data-sheets-value=\"{&quot;1&quot;:2,&quot;2&quot;:&quot;Con el estreno de Dos Dalias, concierto para dos arpas, guitarra y cuerdas de Gerardo Tamez, m\u00e1s la participaci\u00f3n como jurado en el 5to Concurso Ib\u00e9rico de m\u00fasica de c\u00e1mara con arpa en Madrid, y una clase magistral en el Centro Superior Katarina Gurska, la maestra mexicana Mercedes G\u00f3mez Benet desplegar\u00e1 toda su calidad art\u00edstica en Espa\u00f1a.\\r &quot;}\" data-sheets-userformat=\"{&quot;2&quot;:513,&quot;3&quot;:{&quot;1&quot;:0},&quot;12&quot;:0}\">Con el estreno de Dos Dalias, concierto para dos arpas, guitarra y cuerdas de Gerardo Tamez, m\u00e1s la participaci\u00f3n como jurado en el 5to Concurso Ib\u00e9rico de m\u00fasica de c\u00e1mara con arpa en Madrid, y una clase magistral en el Centro Superior Katarina Gurska, la maestra mexicana Mercedes G\u00f3mez Benet desplegar\u00e1 toda su calidad art\u00edstica en Espa\u00f1a. <\/span><\/p>\n","protected":false},"excerpt":{"rendered":"<p>Con el estreno de Dos Dalias, concierto para dos arpas, guitarra y cuerdas de Gerardo Tamez, m\u00e1s la participaci\u00f3n como jurado en el 5to Concurso Ib\u00e9rico de m\u00fasica de c\u00e1mara con arpa en Madrid, y una clase magistral en el Centro Superior Katarina Gurska, la maestra mexicana Mercedes G\u00f3mez Benet desplegar\u00e1 toda su calidad art\u00edstica [&hellip;]<\/p>\n","protected":false},"author":1,"featured_media":7657,"comment_status":"closed","ping_status":"closed","sticky":false,"template":"","format":"standard","meta":{"footnotes":""},"categories":[53],"tags":[],"class_list":["post-7656","post","type-post","status-publish","format-standard","has-post-thumbnail","hentry","category-noticias-generales"],"lang":"es","translations":{"es":7656},"pll_sync_post":[],"post_mailing_queue_ids":[],"_links":{"self":[{"href":"http:\/\/staging.ibermusicas.org\/index.php\/wp-json\/wp\/v2\/posts\/7656","targetHints":{"allow":["GET"]}}],"collection":[{"href":"http:\/\/staging.ibermusicas.org\/index.php\/wp-json\/wp\/v2\/posts"}],"about":[{"href":"http:\/\/staging.ibermusicas.org\/index.php\/wp-json\/wp\/v2\/types\/post"}],"author":[{"embeddable":true,"href":"http:\/\/staging.ibermusicas.org\/index.php\/wp-json\/wp\/v2\/users\/1"}],"replies":[{"embeddable":true,"href":"http:\/\/staging.ibermusicas.org\/index.php\/wp-json\/wp\/v2\/comments?post=7656"}],"version-history":[{"count":1,"href":"http:\/\/staging.ibermusicas.org\/index.php\/wp-json\/wp\/v2\/posts\/7656\/revisions"}],"predecessor-version":[{"id":7658,"href":"http:\/\/staging.ibermusicas.org\/index.php\/wp-json\/wp\/v2\/posts\/7656\/revisions\/7658"}],"wp:featuredmedia":[{"embeddable":true,"href":"http:\/\/staging.ibermusicas.org\/index.php\/wp-json\/wp\/v2\/media\/7657"}],"wp:attachment":[{"href":"http:\/\/staging.ibermusicas.org\/index.php\/wp-json\/wp\/v2\/media?parent=7656"}],"wp:term":[{"taxonomy":"category","embeddable":true,"href":"http:\/\/staging.ibermusicas.org\/index.php\/wp-json\/wp\/v2\/categories?post=7656"},{"taxonomy":"post_tag","embeddable":true,"href":"http:\/\/staging.ibermusicas.org\/index.php\/wp-json\/wp\/v2\/tags?post=7656"}],"curies":[{"name":"wp","href":"https:\/\/api.w.org\/{rel}","templated":true}]}}