{"id":7671,"date":"2018-10-16T11:35:02","date_gmt":"2018-10-16T11:35:02","guid":{"rendered":"http:\/\/staging.ibermusicas.org\/?p=7671"},"modified":"2021-07-03T11:35:55","modified_gmt":"2021-07-03T11:35:55","slug":"el-duo-luna-derbez-salazar-de-mexico-lleva-su-concierto-paisajes-sonoros-a-costa-rica","status":"publish","type":"post","link":"http:\/\/staging.ibermusicas.org\/index.php\/el-duo-luna-derbez-salazar-de-mexico-lleva-su-concierto-paisajes-sonoros-a-costa-rica\/","title":{"rendered":"El D\u00fao Luna \u201cDerb\u00e9z \u2013 Salazar\u201d de M\u00e9xico lleva su concierto Paisajes Sonoros a Costa Rica"},"content":{"rendered":"<p><span data-sheets-value=\"{&quot;1&quot;:2,&quot;2&quot;:&quot;Con obras de Alexis Aranda, Silvestre Revueltas, Federico Ibarra y Arvo P\u00e4rt, la violinista Paulina Derb\u00e9z y la pianista Araceli Salazar llevar\u00e1n sus paisajes sonoros a Costa Rica entre los d\u00edas 22 y 26 de octubre.\\r \\r &quot;}\" data-sheets-userformat=\"{&quot;2&quot;:513,&quot;3&quot;:{&quot;1&quot;:0},&quot;12&quot;:0}\">Con obras de Alexis Aranda, Silvestre Revueltas, Federico Ibarra y Arvo P\u00e4rt, la violinista Paulina Derb\u00e9z y la pianista Araceli Salazar llevar\u00e1n sus paisajes sonoros a Costa Rica entre los d\u00edas 22 y 26 de octubre. <\/span><\/p>\n","protected":false},"excerpt":{"rendered":"<p>Con obras de Alexis Aranda, Silvestre Revueltas, Federico Ibarra y Arvo P\u00e4rt, la violinista Paulina Derb\u00e9z y la pianista Araceli Salazar llevar\u00e1n sus paisajes sonoros a Costa Rica entre los d\u00edas 22 y 26 de octubre.<\/p>\n","protected":false},"author":1,"featured_media":7672,"comment_status":"closed","ping_status":"closed","sticky":false,"template":"","format":"standard","meta":{"footnotes":""},"categories":[53],"tags":[],"class_list":["post-7671","post","type-post","status-publish","format-standard","has-post-thumbnail","hentry","category-noticias-generales"],"lang":"es","translations":{"es":7671},"pll_sync_post":[],"post_mailing_queue_ids":[],"_links":{"self":[{"href":"http:\/\/staging.ibermusicas.org\/index.php\/wp-json\/wp\/v2\/posts\/7671","targetHints":{"allow":["GET"]}}],"collection":[{"href":"http:\/\/staging.ibermusicas.org\/index.php\/wp-json\/wp\/v2\/posts"}],"about":[{"href":"http:\/\/staging.ibermusicas.org\/index.php\/wp-json\/wp\/v2\/types\/post"}],"author":[{"embeddable":true,"href":"http:\/\/staging.ibermusicas.org\/index.php\/wp-json\/wp\/v2\/users\/1"}],"replies":[{"embeddable":true,"href":"http:\/\/staging.ibermusicas.org\/index.php\/wp-json\/wp\/v2\/comments?post=7671"}],"version-history":[{"count":1,"href":"http:\/\/staging.ibermusicas.org\/index.php\/wp-json\/wp\/v2\/posts\/7671\/revisions"}],"predecessor-version":[{"id":7673,"href":"http:\/\/staging.ibermusicas.org\/index.php\/wp-json\/wp\/v2\/posts\/7671\/revisions\/7673"}],"wp:featuredmedia":[{"embeddable":true,"href":"http:\/\/staging.ibermusicas.org\/index.php\/wp-json\/wp\/v2\/media\/7672"}],"wp:attachment":[{"href":"http:\/\/staging.ibermusicas.org\/index.php\/wp-json\/wp\/v2\/media?parent=7671"}],"wp:term":[{"taxonomy":"category","embeddable":true,"href":"http:\/\/staging.ibermusicas.org\/index.php\/wp-json\/wp\/v2\/categories?post=7671"},{"taxonomy":"post_tag","embeddable":true,"href":"http:\/\/staging.ibermusicas.org\/index.php\/wp-json\/wp\/v2\/tags?post=7671"}],"curies":[{"name":"wp","href":"https:\/\/api.w.org\/{rel}","templated":true}]}}