{"id":7683,"date":"2018-10-01T11:40:22","date_gmt":"2018-10-01T11:40:22","guid":{"rendered":"http:\/\/staging.ibermusicas.org\/?p=7683"},"modified":"2021-07-03T11:41:28","modified_gmt":"2021-07-03T11:41:28","slug":"la-banda-chilena-ninos-del-cerro-inicia-una-gira-que-los-llevara-por-escenarios-de-argentina-y-de-mexico","status":"publish","type":"post","link":"http:\/\/staging.ibermusicas.org\/index.php\/la-banda-chilena-ninos-del-cerro-inicia-una-gira-que-los-llevara-por-escenarios-de-argentina-y-de-mexico\/","title":{"rendered":"La banda chilena Ni\u00f1os del Cerro inicia una gira que los llevar\u00e1 por escenarios de Argentina y de M\u00e9xico"},"content":{"rendered":"<p><span data-sheets-value=\"{&quot;1&quot;:2,&quot;2&quot;:&quot;Una de las m\u00e1s destacadas entre las bandas que surgieron en Santiago de Chile a mediados de la d\u00e9cada del 2010 es Ni\u00f1os del Cerro, cuyas canciones se mueven entre aires melanc\u00f3licos, guitarras de sonidos cristalino y reverberante y gui\u00f1os a la m\u00fasica latinoamericana.\\r \\r &quot;}\" data-sheets-userformat=\"{&quot;2&quot;:513,&quot;3&quot;:{&quot;1&quot;:0},&quot;12&quot;:0}\">Una de las m\u00e1s destacadas entre las bandas que surgieron en Santiago de Chile a mediados de la d\u00e9cada del 2010 es Ni\u00f1os del Cerro, cuyas canciones se mueven entre aires melanc\u00f3licos, guitarras de sonidos cristalino y reverberante y gui\u00f1os a la m\u00fasica latinoamericana. <\/span><\/p>\n","protected":false},"excerpt":{"rendered":"<p>Una de las m\u00e1s destacadas entre las bandas que surgieron en Santiago de Chile a mediados de la d\u00e9cada del 2010 es Ni\u00f1os del Cerro, cuyas canciones se mueven entre aires melanc\u00f3licos, guitarras de sonidos cristalino y reverberante y gui\u00f1os a la m\u00fasica latinoamericana.<\/p>\n","protected":false},"author":1,"featured_media":7684,"comment_status":"closed","ping_status":"closed","sticky":false,"template":"","format":"standard","meta":{"footnotes":""},"categories":[53],"tags":[],"class_list":["post-7683","post","type-post","status-publish","format-standard","has-post-thumbnail","hentry","category-noticias-generales"],"lang":"es","translations":{"es":7683},"pll_sync_post":[],"post_mailing_queue_ids":[],"_links":{"self":[{"href":"http:\/\/staging.ibermusicas.org\/index.php\/wp-json\/wp\/v2\/posts\/7683","targetHints":{"allow":["GET"]}}],"collection":[{"href":"http:\/\/staging.ibermusicas.org\/index.php\/wp-json\/wp\/v2\/posts"}],"about":[{"href":"http:\/\/staging.ibermusicas.org\/index.php\/wp-json\/wp\/v2\/types\/post"}],"author":[{"embeddable":true,"href":"http:\/\/staging.ibermusicas.org\/index.php\/wp-json\/wp\/v2\/users\/1"}],"replies":[{"embeddable":true,"href":"http:\/\/staging.ibermusicas.org\/index.php\/wp-json\/wp\/v2\/comments?post=7683"}],"version-history":[{"count":1,"href":"http:\/\/staging.ibermusicas.org\/index.php\/wp-json\/wp\/v2\/posts\/7683\/revisions"}],"predecessor-version":[{"id":7685,"href":"http:\/\/staging.ibermusicas.org\/index.php\/wp-json\/wp\/v2\/posts\/7683\/revisions\/7685"}],"wp:featuredmedia":[{"embeddable":true,"href":"http:\/\/staging.ibermusicas.org\/index.php\/wp-json\/wp\/v2\/media\/7684"}],"wp:attachment":[{"href":"http:\/\/staging.ibermusicas.org\/index.php\/wp-json\/wp\/v2\/media?parent=7683"}],"wp:term":[{"taxonomy":"category","embeddable":true,"href":"http:\/\/staging.ibermusicas.org\/index.php\/wp-json\/wp\/v2\/categories?post=7683"},{"taxonomy":"post_tag","embeddable":true,"href":"http:\/\/staging.ibermusicas.org\/index.php\/wp-json\/wp\/v2\/tags?post=7683"}],"curies":[{"name":"wp","href":"https:\/\/api.w.org\/{rel}","templated":true}]}}