{"id":7699,"date":"2018-11-17T11:46:46","date_gmt":"2018-11-17T11:46:46","guid":{"rendered":"http:\/\/staging.ibermusicas.org\/?p=7699"},"modified":"2021-07-03T11:48:03","modified_gmt":"2021-07-03T11:48:03","slug":"la-compositora-y-baterista-cubana-yissy-garcia-junto-a-bandancha-se-presentaron-en-el-showcase-oficial-del-mercado-de-la-musica-circulart-de-medellin-colombia","status":"publish","type":"post","link":"http:\/\/staging.ibermusicas.org\/index.php\/la-compositora-y-baterista-cubana-yissy-garcia-junto-a-bandancha-se-presentaron-en-el-showcase-oficial-del-mercado-de-la-musica-circulart-de-medellin-colombia\/","title":{"rendered":"La compositora y baterista cubana Yissy Garc\u00eda, junto a Bandancha se presentaron en el showcase oficial del mercado de la m\u00fasica Circulart de Medell\u00edn, Colombia"},"content":{"rendered":"<p><span data-sheets-value=\"{&quot;1&quot;:2,&quot;2&quot;:&quot;Yissy Garc\u00eda es una perfecta representaci\u00f3n de la nueva generaci\u00f3n de artistas cubanos. Est\u00e1 considerada como una de las artistas musicales mas din\u00e1micas e innovadoras de Cuba. &quot;}\" data-sheets-userformat=\"{&quot;2&quot;:515,&quot;3&quot;:{&quot;1&quot;:0},&quot;4&quot;:{&quot;1&quot;:2,&quot;2&quot;:13822754},&quot;12&quot;:0}\">Yissy Garc\u00eda es una perfecta representaci\u00f3n de la nueva generaci\u00f3n de artistas cubanos. Est\u00e1 considerada como una de las artistas musicales mas din\u00e1micas e innovadoras de Cuba. <\/span><\/p>\n","protected":false},"excerpt":{"rendered":"<p>Yissy Garc\u00eda es una perfecta representaci\u00f3n de la nueva generaci\u00f3n de artistas cubanos. Est\u00e1 considerada como una de las artistas musicales mas din\u00e1micas e innovadoras de Cuba.<\/p>\n","protected":false},"author":1,"featured_media":7700,"comment_status":"closed","ping_status":"closed","sticky":false,"template":"","format":"standard","meta":{"footnotes":""},"categories":[53],"tags":[],"class_list":["post-7699","post","type-post","status-publish","format-standard","has-post-thumbnail","hentry","category-noticias-generales"],"lang":"es","translations":{"es":7699},"pll_sync_post":[],"post_mailing_queue_ids":[],"_links":{"self":[{"href":"http:\/\/staging.ibermusicas.org\/index.php\/wp-json\/wp\/v2\/posts\/7699","targetHints":{"allow":["GET"]}}],"collection":[{"href":"http:\/\/staging.ibermusicas.org\/index.php\/wp-json\/wp\/v2\/posts"}],"about":[{"href":"http:\/\/staging.ibermusicas.org\/index.php\/wp-json\/wp\/v2\/types\/post"}],"author":[{"embeddable":true,"href":"http:\/\/staging.ibermusicas.org\/index.php\/wp-json\/wp\/v2\/users\/1"}],"replies":[{"embeddable":true,"href":"http:\/\/staging.ibermusicas.org\/index.php\/wp-json\/wp\/v2\/comments?post=7699"}],"version-history":[{"count":1,"href":"http:\/\/staging.ibermusicas.org\/index.php\/wp-json\/wp\/v2\/posts\/7699\/revisions"}],"predecessor-version":[{"id":7701,"href":"http:\/\/staging.ibermusicas.org\/index.php\/wp-json\/wp\/v2\/posts\/7699\/revisions\/7701"}],"wp:featuredmedia":[{"embeddable":true,"href":"http:\/\/staging.ibermusicas.org\/index.php\/wp-json\/wp\/v2\/media\/7700"}],"wp:attachment":[{"href":"http:\/\/staging.ibermusicas.org\/index.php\/wp-json\/wp\/v2\/media?parent=7699"}],"wp:term":[{"taxonomy":"category","embeddable":true,"href":"http:\/\/staging.ibermusicas.org\/index.php\/wp-json\/wp\/v2\/categories?post=7699"},{"taxonomy":"post_tag","embeddable":true,"href":"http:\/\/staging.ibermusicas.org\/index.php\/wp-json\/wp\/v2\/tags?post=7699"}],"curies":[{"name":"wp","href":"https:\/\/api.w.org\/{rel}","templated":true}]}}