{"id":7702,"date":"2018-11-16T13:21:21","date_gmt":"2018-11-16T13:21:21","guid":{"rendered":"http:\/\/staging.ibermusicas.org\/?p=7702"},"modified":"2021-07-03T13:23:11","modified_gmt":"2021-07-03T13:23:11","slug":"gabo-sequeira-cantautor-y-trovador-argentino-emprendera-una-gira-que-lo-llevara-por-diversos-escenarios-de-cuba","status":"publish","type":"post","link":"http:\/\/staging.ibermusicas.org\/index.php\/gabo-sequeira-cantautor-y-trovador-argentino-emprendera-una-gira-que-lo-llevara-por-diversos-escenarios-de-cuba\/","title":{"rendered":"Gabo Sequeira, cantautor y trovador argentino emprender\u00e1 una gira que lo llevar\u00e1 por diversos escenarios de Cuba"},"content":{"rendered":"<p><span data-sheets-value=\"{&quot;1&quot;:2,&quot;2&quot;:&quot;En celebraci\u00f3n de sus 30 a\u00f1os haciendo canciones, el cantautor argentino Gabo Sequeira se presentar\u00e1 en Cuba realizando una gira acompa\u00f1ado por varios trovadores Cubanos. Dicha gir\u00e1 contar\u00e1 con el auspicio del Centro Pablo de la Torriente Brau.\\r \\r &quot;}\" data-sheets-userformat=\"{&quot;2&quot;:513,&quot;3&quot;:{&quot;1&quot;:0},&quot;12&quot;:0}\">En celebraci\u00f3n de sus 30 a\u00f1os haciendo canciones, el cantautor argentino Gabo Sequeira se presentar\u00e1 en Cuba realizando una gira acompa\u00f1ado por varios trovadores Cubanos. Dicha gir\u00e1 contar\u00e1 con el auspicio del Centro Pablo de la Torriente Brau. <\/span><\/p>\n","protected":false},"excerpt":{"rendered":"<p>En celebraci\u00f3n de sus 30 a\u00f1os haciendo canciones, el cantautor argentino Gabo Sequeira se presentar\u00e1 en Cuba realizando una gira acompa\u00f1ado por varios trovadores Cubanos. Dicha gir\u00e1 contar\u00e1 con el auspicio del Centro Pablo de la Torriente Brau.<\/p>\n","protected":false},"author":1,"featured_media":7703,"comment_status":"closed","ping_status":"closed","sticky":false,"template":"","format":"standard","meta":{"footnotes":""},"categories":[53],"tags":[],"class_list":["post-7702","post","type-post","status-publish","format-standard","has-post-thumbnail","hentry","category-noticias-generales"],"lang":"es","translations":{"es":7702},"pll_sync_post":[],"post_mailing_queue_ids":[],"_links":{"self":[{"href":"http:\/\/staging.ibermusicas.org\/index.php\/wp-json\/wp\/v2\/posts\/7702","targetHints":{"allow":["GET"]}}],"collection":[{"href":"http:\/\/staging.ibermusicas.org\/index.php\/wp-json\/wp\/v2\/posts"}],"about":[{"href":"http:\/\/staging.ibermusicas.org\/index.php\/wp-json\/wp\/v2\/types\/post"}],"author":[{"embeddable":true,"href":"http:\/\/staging.ibermusicas.org\/index.php\/wp-json\/wp\/v2\/users\/1"}],"replies":[{"embeddable":true,"href":"http:\/\/staging.ibermusicas.org\/index.php\/wp-json\/wp\/v2\/comments?post=7702"}],"version-history":[{"count":1,"href":"http:\/\/staging.ibermusicas.org\/index.php\/wp-json\/wp\/v2\/posts\/7702\/revisions"}],"predecessor-version":[{"id":7704,"href":"http:\/\/staging.ibermusicas.org\/index.php\/wp-json\/wp\/v2\/posts\/7702\/revisions\/7704"}],"wp:featuredmedia":[{"embeddable":true,"href":"http:\/\/staging.ibermusicas.org\/index.php\/wp-json\/wp\/v2\/media\/7703"}],"wp:attachment":[{"href":"http:\/\/staging.ibermusicas.org\/index.php\/wp-json\/wp\/v2\/media?parent=7702"}],"wp:term":[{"taxonomy":"category","embeddable":true,"href":"http:\/\/staging.ibermusicas.org\/index.php\/wp-json\/wp\/v2\/categories?post=7702"},{"taxonomy":"post_tag","embeddable":true,"href":"http:\/\/staging.ibermusicas.org\/index.php\/wp-json\/wp\/v2\/tags?post=7702"}],"curies":[{"name":"wp","href":"https:\/\/api.w.org\/{rel}","templated":true}]}}