{"id":7705,"date":"2018-10-28T13:23:27","date_gmt":"2018-10-28T13:23:27","guid":{"rendered":"http:\/\/staging.ibermusicas.org\/?p=7705"},"modified":"2021-07-03T13:25:15","modified_gmt":"2021-07-03T13:25:15","slug":"el-trio-acustico-instrumental-de-colombia-el-barbero-del-socorro-especialmente-dedicado-al-tiple-colombiano-y-a-la-musica-de-los-andes-colombianos-se-presentara-en-numerosos-escenarios-de-argentina-e","status":"publish","type":"post","link":"http:\/\/staging.ibermusicas.org\/index.php\/el-trio-acustico-instrumental-de-colombia-el-barbero-del-socorro-especialmente-dedicado-al-tiple-colombiano-y-a-la-musica-de-los-andes-colombianos-se-presentara-en-numerosos-escenarios-de-argentina-e\/","title":{"rendered":"El tr\u00edo ac\u00fastico instrumental de Colombia El Barbero del Socorro especialmente dedicado al Tiple Colombiano y a la m\u00fasica de Los Andes Colombianos, se presentar\u00e1 en numerosos escenarios de Argentina en el marco del Festival Sonamos Latinoam\u00e9rica"},"content":{"rendered":"<p><span data-sheets-value=\"{&quot;1&quot;:2,&quot;2&quot;:&quot;El Barbero del Socorro nace en 1995 alrededor de la Facultad de M\u00fasica de la Universidad Aut\u00f3noma de Bucaramanga UNAB (Colombia), con el prop\u00f3sito de desarrollar y universalizar la m\u00fasica tradicional de Los Andes colombianos y evidenciar su hermandad con todas las m\u00fasicas de Iberoam\u00e9rica. &quot;}\" data-sheets-userformat=\"{&quot;2&quot;:513,&quot;3&quot;:{&quot;1&quot;:0},&quot;12&quot;:0}\">El Barbero del Socorro nace en 1995 alrededor de la Facultad de M\u00fasica de la Universidad Aut\u00f3noma de Bucaramanga UNAB (Colombia), con el prop\u00f3sito de desarrollar y universalizar la m\u00fasica tradicional de Los Andes colombianos y evidenciar su hermandad con todas las m\u00fasicas de Iberoam\u00e9rica. <\/span><\/p>\n","protected":false},"excerpt":{"rendered":"<p>El Barbero del Socorro nace en 1995 alrededor de la Facultad de M\u00fasica de la Universidad Aut\u00f3noma de Bucaramanga UNAB (Colombia), con el prop\u00f3sito de desarrollar y universalizar la m\u00fasica tradicional de Los Andes colombianos y evidenciar su hermandad con todas las m\u00fasicas de Iberoam\u00e9rica.<\/p>\n","protected":false},"author":1,"featured_media":7706,"comment_status":"closed","ping_status":"closed","sticky":false,"template":"","format":"standard","meta":{"footnotes":""},"categories":[53],"tags":[],"class_list":["post-7705","post","type-post","status-publish","format-standard","has-post-thumbnail","hentry","category-noticias-generales"],"lang":"es","translations":{"es":7705},"pll_sync_post":[],"post_mailing_queue_ids":[],"_links":{"self":[{"href":"http:\/\/staging.ibermusicas.org\/index.php\/wp-json\/wp\/v2\/posts\/7705","targetHints":{"allow":["GET"]}}],"collection":[{"href":"http:\/\/staging.ibermusicas.org\/index.php\/wp-json\/wp\/v2\/posts"}],"about":[{"href":"http:\/\/staging.ibermusicas.org\/index.php\/wp-json\/wp\/v2\/types\/post"}],"author":[{"embeddable":true,"href":"http:\/\/staging.ibermusicas.org\/index.php\/wp-json\/wp\/v2\/users\/1"}],"replies":[{"embeddable":true,"href":"http:\/\/staging.ibermusicas.org\/index.php\/wp-json\/wp\/v2\/comments?post=7705"}],"version-history":[{"count":1,"href":"http:\/\/staging.ibermusicas.org\/index.php\/wp-json\/wp\/v2\/posts\/7705\/revisions"}],"predecessor-version":[{"id":7707,"href":"http:\/\/staging.ibermusicas.org\/index.php\/wp-json\/wp\/v2\/posts\/7705\/revisions\/7707"}],"wp:featuredmedia":[{"embeddable":true,"href":"http:\/\/staging.ibermusicas.org\/index.php\/wp-json\/wp\/v2\/media\/7706"}],"wp:attachment":[{"href":"http:\/\/staging.ibermusicas.org\/index.php\/wp-json\/wp\/v2\/media?parent=7705"}],"wp:term":[{"taxonomy":"category","embeddable":true,"href":"http:\/\/staging.ibermusicas.org\/index.php\/wp-json\/wp\/v2\/categories?post=7705"},{"taxonomy":"post_tag","embeddable":true,"href":"http:\/\/staging.ibermusicas.org\/index.php\/wp-json\/wp\/v2\/tags?post=7705"}],"curies":[{"name":"wp","href":"https:\/\/api.w.org\/{rel}","templated":true}]}}