{"id":7719,"date":"2018-11-20T14:24:51","date_gmt":"2018-11-20T14:24:51","guid":{"rendered":"http:\/\/staging.ibermusicas.org\/?p=7719"},"modified":"2021-07-03T14:25:26","modified_gmt":"2021-07-03T14:25:26","slug":"el-joven-musico-uruguayo-nicolas-molina-realizara-una-gira-por-diversos-escenarios-de-brasil","status":"publish","type":"post","link":"http:\/\/staging.ibermusicas.org\/index.php\/el-joven-musico-uruguayo-nicolas-molina-realizara-una-gira-por-diversos-escenarios-de-brasil\/","title":{"rendered":"El joven m\u00fasico uruguayo Nicol\u00e1s Molina realizar\u00e1 una gira por diversos escenarios de Brasil"},"content":{"rendered":"<p><span data-sheets-value=\"{&quot;1&quot;:2,&quot;2&quot;:&quot;Nicol\u00e1s Molina es un m\u00fasico uruguayo marcado por el cruce de rutas que unen a Uruguay y Brasil, en un entorno de montes y palmares nativos y balnearios desolados. Cuenta con dos discos; \u201cEl Desencanto\u201d y \u201cEl Folk de la Frontera\u201d, trabajos que mezclan folk, western y alt-country.\\r &quot;}\" data-sheets-userformat=\"{&quot;2&quot;:513,&quot;3&quot;:{&quot;1&quot;:0},&quot;12&quot;:0}\">Nicol\u00e1s Molina es un m\u00fasico uruguayo marcado por el cruce de rutas que unen a Uruguay y Brasil, en un entorno de montes y palmares nativos y balnearios desolados. Cuenta con dos discos; \u201cEl Desencanto\u201d y \u201cEl Folk de la Frontera\u201d, trabajos que mezclan folk, western y alt-country. <\/span><\/p>\n","protected":false},"excerpt":{"rendered":"<p>Nicol\u00e1s Molina es un m\u00fasico uruguayo marcado por el cruce de rutas que unen a Uruguay y Brasil, en un entorno de montes y palmares nativos y balnearios desolados. Cuenta con dos discos; \u201cEl Desencanto\u201d y \u201cEl Folk de la Frontera\u201d, trabajos que mezclan folk, western y alt-country.<\/p>\n","protected":false},"author":1,"featured_media":7718,"comment_status":"closed","ping_status":"closed","sticky":false,"template":"","format":"standard","meta":{"footnotes":""},"categories":[53,1],"tags":[],"class_list":["post-7719","post","type-post","status-publish","format-standard","has-post-thumbnail","hentry","category-noticias-generales","category-uncategorized"],"lang":"es","translations":{"es":7719},"pll_sync_post":[],"post_mailing_queue_ids":[],"_links":{"self":[{"href":"http:\/\/staging.ibermusicas.org\/index.php\/wp-json\/wp\/v2\/posts\/7719","targetHints":{"allow":["GET"]}}],"collection":[{"href":"http:\/\/staging.ibermusicas.org\/index.php\/wp-json\/wp\/v2\/posts"}],"about":[{"href":"http:\/\/staging.ibermusicas.org\/index.php\/wp-json\/wp\/v2\/types\/post"}],"author":[{"embeddable":true,"href":"http:\/\/staging.ibermusicas.org\/index.php\/wp-json\/wp\/v2\/users\/1"}],"replies":[{"embeddable":true,"href":"http:\/\/staging.ibermusicas.org\/index.php\/wp-json\/wp\/v2\/comments?post=7719"}],"version-history":[{"count":1,"href":"http:\/\/staging.ibermusicas.org\/index.php\/wp-json\/wp\/v2\/posts\/7719\/revisions"}],"predecessor-version":[{"id":7720,"href":"http:\/\/staging.ibermusicas.org\/index.php\/wp-json\/wp\/v2\/posts\/7719\/revisions\/7720"}],"wp:featuredmedia":[{"embeddable":true,"href":"http:\/\/staging.ibermusicas.org\/index.php\/wp-json\/wp\/v2\/media\/7718"}],"wp:attachment":[{"href":"http:\/\/staging.ibermusicas.org\/index.php\/wp-json\/wp\/v2\/media?parent=7719"}],"wp:term":[{"taxonomy":"category","embeddable":true,"href":"http:\/\/staging.ibermusicas.org\/index.php\/wp-json\/wp\/v2\/categories?post=7719"},{"taxonomy":"post_tag","embeddable":true,"href":"http:\/\/staging.ibermusicas.org\/index.php\/wp-json\/wp\/v2\/tags?post=7719"}],"curies":[{"name":"wp","href":"https:\/\/api.w.org\/{rel}","templated":true}]}}