{"id":7727,"date":"2018-10-16T14:28:02","date_gmt":"2018-10-16T14:28:02","guid":{"rendered":"http:\/\/staging.ibermusicas.org\/?p=7727"},"modified":"2021-07-03T14:29:06","modified_gmt":"2021-07-03T14:29:06","slug":"desde-costa-rica-el-ensamble-etnico-mestizzo-viaja-a-argentina-para-presentarse-en-el-festival-sonamos-latinoamerica","status":"publish","type":"post","link":"http:\/\/staging.ibermusicas.org\/index.php\/desde-costa-rica-el-ensamble-etnico-mestizzo-viaja-a-argentina-para-presentarse-en-el-festival-sonamos-latinoamerica\/","title":{"rendered":"Desde Costa Rica el Ensamble \u00c9tnico Mestizzo viaja a Argentina para presentarse en el Festival Sonamos Latinoam\u00e9rica"},"content":{"rendered":"<p><span data-sheets-value=\"{&quot;1&quot;:2,&quot;2&quot;:&quot;La idea de crear este ensamble surge de una iniciativa de su director general Alberto Campos que con el Maestro Juan Luis Sanabria se han encargado de conjugar las etnias del mestizo \\&quot;indio, negro, espa\u00f1ol y criollo\\&quot; por medio de instrumentos musicales tradicionales y contempor\u00e1neos como la marimba, teclado, percusi\u00f3n, instrumentos de vientos, cuerdas, entre otros. Musicalmente el grupo fusiona ritmos flamencos, afrocubanos, t\u00edpicos costarricense y latinos, su objetivo primordial es difundir un repertorio de composiciones originales y sobre todo reflejar el mestizaje que surgi\u00f3 y hoy en d\u00eda se encuentra en Hispanoam\u00e9rica.\\r \\r \\r &quot;}\" data-sheets-userformat=\"{&quot;2&quot;:513,&quot;3&quot;:{&quot;1&quot;:0},&quot;12&quot;:0}\">La idea de crear este ensamble surge de una iniciativa de su director general Alberto Campos que con el Maestro Juan Luis Sanabria se han encargado de conjugar las etnias del mestizo \u00abindio, negro, espa\u00f1ol y criollo\u00bb por medio de instrumentos musicales tradicionales y contempor\u00e1neos como la marimba, teclado, percusi\u00f3n, instrumentos de vientos, cuerdas, entre otros. Musicalmente el grupo fusiona ritmos flamencos, afrocubanos, t\u00edpicos costarricense y latinos, su objetivo primordial es difundir un repertorio de composiciones originales y sobre todo reflejar el mestizaje que surgi\u00f3 y hoy en d\u00eda se encuentra en Hispanoam\u00e9rica. <\/span><\/p>\n","protected":false},"excerpt":{"rendered":"<p>La idea de crear este ensamble surge de una iniciativa de su director general Alberto Campos que con el Maestro Juan Luis Sanabria se han encargado de conjugar las etnias del mestizo \u00abindio, negro, espa\u00f1ol y criollo\u00bb por medio de instrumentos musicales tradicionales y contempor\u00e1neos como la marimba, teclado, percusi\u00f3n, instrumentos de vientos, cuerdas, entre [&hellip;]<\/p>\n","protected":false},"author":1,"featured_media":7728,"comment_status":"closed","ping_status":"closed","sticky":false,"template":"","format":"standard","meta":{"footnotes":""},"categories":[53],"tags":[],"class_list":["post-7727","post","type-post","status-publish","format-standard","has-post-thumbnail","hentry","category-noticias-generales"],"lang":"es","translations":{"es":7727},"pll_sync_post":[],"post_mailing_queue_ids":[],"_links":{"self":[{"href":"http:\/\/staging.ibermusicas.org\/index.php\/wp-json\/wp\/v2\/posts\/7727","targetHints":{"allow":["GET"]}}],"collection":[{"href":"http:\/\/staging.ibermusicas.org\/index.php\/wp-json\/wp\/v2\/posts"}],"about":[{"href":"http:\/\/staging.ibermusicas.org\/index.php\/wp-json\/wp\/v2\/types\/post"}],"author":[{"embeddable":true,"href":"http:\/\/staging.ibermusicas.org\/index.php\/wp-json\/wp\/v2\/users\/1"}],"replies":[{"embeddable":true,"href":"http:\/\/staging.ibermusicas.org\/index.php\/wp-json\/wp\/v2\/comments?post=7727"}],"version-history":[{"count":1,"href":"http:\/\/staging.ibermusicas.org\/index.php\/wp-json\/wp\/v2\/posts\/7727\/revisions"}],"predecessor-version":[{"id":7729,"href":"http:\/\/staging.ibermusicas.org\/index.php\/wp-json\/wp\/v2\/posts\/7727\/revisions\/7729"}],"wp:featuredmedia":[{"embeddable":true,"href":"http:\/\/staging.ibermusicas.org\/index.php\/wp-json\/wp\/v2\/media\/7728"}],"wp:attachment":[{"href":"http:\/\/staging.ibermusicas.org\/index.php\/wp-json\/wp\/v2\/media?parent=7727"}],"wp:term":[{"taxonomy":"category","embeddable":true,"href":"http:\/\/staging.ibermusicas.org\/index.php\/wp-json\/wp\/v2\/categories?post=7727"},{"taxonomy":"post_tag","embeddable":true,"href":"http:\/\/staging.ibermusicas.org\/index.php\/wp-json\/wp\/v2\/tags?post=7727"}],"curies":[{"name":"wp","href":"https:\/\/api.w.org\/{rel}","templated":true}]}}