{"id":7730,"date":"2018-11-25T14:29:19","date_gmt":"2018-11-25T14:29:19","guid":{"rendered":"http:\/\/staging.ibermusicas.org\/?p=7730"},"modified":"2021-07-03T14:30:24","modified_gmt":"2021-07-03T14:30:24","slug":"la-banda-peruana-elegante-y-la-imperial-sera-parte-de-la-programacion-del-festival-morrostock-de-brasil","status":"publish","type":"post","link":"http:\/\/staging.ibermusicas.org\/index.php\/la-banda-peruana-elegante-y-la-imperial-sera-parte-de-la-programacion-del-festival-morrostock-de-brasil\/","title":{"rendered":"La banda peruana Elegante y La Imperial ser\u00e1 parte de la programaci\u00f3n del festival Morrostock de Brasil"},"content":{"rendered":"<p><span data-sheets-value=\"{&quot;1&quot;:2,&quot;2&quot;:&quot;Elegante y La Imperial es sonido org\u00e1nico nacido en jungla de concreto. Fusi\u00f3n de experiencias, de historias, uni\u00f3n de sonido sin fronteras definidas.\\r &quot;}\" data-sheets-userformat=\"{&quot;2&quot;:515,&quot;3&quot;:{&quot;1&quot;:0},&quot;4&quot;:{&quot;1&quot;:2,&quot;2&quot;:13822754},&quot;12&quot;:0}\">Elegante y La Imperial es sonido org\u00e1nico nacido en jungla de concreto. Fusi\u00f3n de experiencias, de historias, uni\u00f3n de sonido sin fronteras definidas. <\/span><\/p>\n","protected":false},"excerpt":{"rendered":"<p>Elegante y La Imperial es sonido org\u00e1nico nacido en jungla de concreto. Fusi\u00f3n de experiencias, de historias, uni\u00f3n de sonido sin fronteras definidas.<\/p>\n","protected":false},"author":1,"featured_media":7731,"comment_status":"closed","ping_status":"closed","sticky":false,"template":"","format":"standard","meta":{"footnotes":""},"categories":[53],"tags":[],"class_list":["post-7730","post","type-post","status-publish","format-standard","has-post-thumbnail","hentry","category-noticias-generales"],"lang":"es","translations":{"es":7730},"pll_sync_post":[],"post_mailing_queue_ids":[],"_links":{"self":[{"href":"http:\/\/staging.ibermusicas.org\/index.php\/wp-json\/wp\/v2\/posts\/7730","targetHints":{"allow":["GET"]}}],"collection":[{"href":"http:\/\/staging.ibermusicas.org\/index.php\/wp-json\/wp\/v2\/posts"}],"about":[{"href":"http:\/\/staging.ibermusicas.org\/index.php\/wp-json\/wp\/v2\/types\/post"}],"author":[{"embeddable":true,"href":"http:\/\/staging.ibermusicas.org\/index.php\/wp-json\/wp\/v2\/users\/1"}],"replies":[{"embeddable":true,"href":"http:\/\/staging.ibermusicas.org\/index.php\/wp-json\/wp\/v2\/comments?post=7730"}],"version-history":[{"count":1,"href":"http:\/\/staging.ibermusicas.org\/index.php\/wp-json\/wp\/v2\/posts\/7730\/revisions"}],"predecessor-version":[{"id":7732,"href":"http:\/\/staging.ibermusicas.org\/index.php\/wp-json\/wp\/v2\/posts\/7730\/revisions\/7732"}],"wp:featuredmedia":[{"embeddable":true,"href":"http:\/\/staging.ibermusicas.org\/index.php\/wp-json\/wp\/v2\/media\/7731"}],"wp:attachment":[{"href":"http:\/\/staging.ibermusicas.org\/index.php\/wp-json\/wp\/v2\/media?parent=7730"}],"wp:term":[{"taxonomy":"category","embeddable":true,"href":"http:\/\/staging.ibermusicas.org\/index.php\/wp-json\/wp\/v2\/categories?post=7730"},{"taxonomy":"post_tag","embeddable":true,"href":"http:\/\/staging.ibermusicas.org\/index.php\/wp-json\/wp\/v2\/tags?post=7730"}],"curies":[{"name":"wp","href":"https:\/\/api.w.org\/{rel}","templated":true}]}}