{"id":7733,"date":"2018-11-27T14:31:47","date_gmt":"2018-11-27T14:31:47","guid":{"rendered":"http:\/\/staging.ibermusicas.org\/?p=7733"},"modified":"2021-07-03T14:34:48","modified_gmt":"2021-07-03T14:34:48","slug":"mux-de-uruguay-sera-parte-de-la-programacion-del-festival-uva-robot-de-santiago-de-chile","status":"publish","type":"post","link":"http:\/\/staging.ibermusicas.org\/index.php\/mux-de-uruguay-sera-parte-de-la-programacion-del-festival-uva-robot-de-santiago-de-chile\/","title":{"rendered":"Mux, de Uruguay ser\u00e1 parte de la programaci\u00f3n del Festival Uva Robot de Santiago de Chile"},"content":{"rendered":"<p><span data-sheets-value=\"{&quot;1&quot;:2,&quot;2&quot;:&quot;Mux es un quinteto con base en Montevideo que naci\u00f3 en 2008. Sus hermosas canciones y la acertada combinaci\u00f3n de experimentaci\u00f3n con el pop se encarnan en temas como \u201cCanci\u00f3n nueva\u201d, \u201cSu guitarra\u201d u \u201cObervador\u201d.\\r \\r \\r &quot;}\" data-sheets-userformat=\"{&quot;2&quot;:513,&quot;3&quot;:{&quot;1&quot;:0},&quot;12&quot;:0}\">Mux es un quinteto con base en Montevideo que naci\u00f3 en 2008. Sus hermosas canciones y la acertada combinaci\u00f3n de experimentaci\u00f3n con el pop se encarnan en temas como \u201cCanci\u00f3n nueva\u201d, \u201cSu guitarra\u201d u \u201cObervador\u201d. <\/span><\/p>\n","protected":false},"excerpt":{"rendered":"<p>Mux es un quinteto con base en Montevideo que naci\u00f3 en 2008. Sus hermosas canciones y la acertada combinaci\u00f3n de experimentaci\u00f3n con el pop se encarnan en temas como \u201cCanci\u00f3n nueva\u201d, \u201cSu guitarra\u201d u \u201cObervador\u201d.<\/p>\n","protected":false},"author":1,"featured_media":7734,"comment_status":"closed","ping_status":"closed","sticky":false,"template":"","format":"standard","meta":{"footnotes":""},"categories":[53],"tags":[],"class_list":["post-7733","post","type-post","status-publish","format-standard","has-post-thumbnail","hentry","category-noticias-generales"],"lang":"es","translations":{"es":7733},"pll_sync_post":[],"post_mailing_queue_ids":[],"_links":{"self":[{"href":"http:\/\/staging.ibermusicas.org\/index.php\/wp-json\/wp\/v2\/posts\/7733","targetHints":{"allow":["GET"]}}],"collection":[{"href":"http:\/\/staging.ibermusicas.org\/index.php\/wp-json\/wp\/v2\/posts"}],"about":[{"href":"http:\/\/staging.ibermusicas.org\/index.php\/wp-json\/wp\/v2\/types\/post"}],"author":[{"embeddable":true,"href":"http:\/\/staging.ibermusicas.org\/index.php\/wp-json\/wp\/v2\/users\/1"}],"replies":[{"embeddable":true,"href":"http:\/\/staging.ibermusicas.org\/index.php\/wp-json\/wp\/v2\/comments?post=7733"}],"version-history":[{"count":1,"href":"http:\/\/staging.ibermusicas.org\/index.php\/wp-json\/wp\/v2\/posts\/7733\/revisions"}],"predecessor-version":[{"id":7735,"href":"http:\/\/staging.ibermusicas.org\/index.php\/wp-json\/wp\/v2\/posts\/7733\/revisions\/7735"}],"wp:featuredmedia":[{"embeddable":true,"href":"http:\/\/staging.ibermusicas.org\/index.php\/wp-json\/wp\/v2\/media\/7734"}],"wp:attachment":[{"href":"http:\/\/staging.ibermusicas.org\/index.php\/wp-json\/wp\/v2\/media?parent=7733"}],"wp:term":[{"taxonomy":"category","embeddable":true,"href":"http:\/\/staging.ibermusicas.org\/index.php\/wp-json\/wp\/v2\/categories?post=7733"},{"taxonomy":"post_tag","embeddable":true,"href":"http:\/\/staging.ibermusicas.org\/index.php\/wp-json\/wp\/v2\/tags?post=7733"}],"curies":[{"name":"wp","href":"https:\/\/api.w.org\/{rel}","templated":true}]}}