{"id":7739,"date":"2018-11-28T14:38:58","date_gmt":"2018-11-28T14:38:58","guid":{"rendered":"http:\/\/staging.ibermusicas.org\/?p=7739"},"modified":"2021-07-03T14:47:19","modified_gmt":"2021-07-03T14:47:19","slug":"el-compositor-chileno-miguel-farias-estrenara-en-suiza-su-obra-compuesta-en-residencia-junto-al-ensemgle-vortex","status":"publish","type":"post","link":"http:\/\/staging.ibermusicas.org\/index.php\/el-compositor-chileno-miguel-farias-estrenara-en-suiza-su-obra-compuesta-en-residencia-junto-al-ensemgle-vortex\/","title":{"rendered":"El compositor chileno Miguel Far\u00edas estrenar\u00e1 en Suiza su obra compuesta en residencia junto al ensemgle Vortex"},"content":{"rendered":"<p><span data-sheets-value=\"{&quot;1&quot;:2,&quot;2&quot;:&quot;Miguel Far\u00edas, nacido en Venezuela en 1983, estudi\u00f3 en la Universidad de Chile con Aliocha Solovera y Jorge Pepi-Alos, y desde el a\u00f1o 2009 en la Haute Ecole de Musique de Ginebra, con Michael Jarrell, Luis Naon y Eric Daubresse; en Lyon (Francia), con Christophe Maudot; y en el Conservatorio de Aubervilliers, con Martin Matal\u00f3n. Estren\u00f3 obras en Europa, Am\u00e9rica y Asia y gan\u00f3 de los premios Injuve 2007, Luis Advis 2007 (Chile), Frederic Mompou, y del Patronize Award del concurso BMW Musica Viva de la Orquesta de la Radio Baviera (M\u00fanich).\\r &quot;}\" data-sheets-userformat=\"{&quot;2&quot;:513,&quot;3&quot;:{&quot;1&quot;:0},&quot;12&quot;:0}\">Miguel Far\u00edas, nacido en Venezuela en 1983, estudi\u00f3 en la Universidad de Chile con Aliocha Solovera y Jorge Pepi-Alos, y desde el a\u00f1o 2009 en la Haute Ecole de Musique de Ginebra, con Michael Jarrell, Luis Naon y Eric Daubresse; en Lyon (Francia), con Christophe Maudot; y en el Conservatorio de Aubervilliers, con Martin Matal\u00f3n. Estren\u00f3 obras en Europa, Am\u00e9rica y Asia y gan\u00f3 de los premios Injuve 2007, Luis Advis 2007 (Chile), Frederic Mompou, y del Patronize Award del concurso BMW Musica Viva de la Orquesta de la Radio Baviera (M\u00fanich). <\/span><\/p>\n","protected":false},"excerpt":{"rendered":"<p>Miguel Far\u00edas, nacido en Venezuela en 1983, estudi\u00f3 en la Universidad de Chile con Aliocha Solovera y Jorge Pepi-Alos, y desde el a\u00f1o 2009 en la Haute Ecole de Musique de Ginebra, con Michael Jarrell, Luis Naon y Eric Daubresse; en Lyon (Francia), con Christophe Maudot; y en el Conservatorio de Aubervilliers, con Martin Matal\u00f3n. [&hellip;]<\/p>\n","protected":false},"author":1,"featured_media":7740,"comment_status":"closed","ping_status":"closed","sticky":false,"template":"","format":"standard","meta":{"footnotes":""},"categories":[53],"tags":[],"class_list":["post-7739","post","type-post","status-publish","format-standard","has-post-thumbnail","hentry","category-noticias-generales"],"lang":"es","translations":{"es":7739},"pll_sync_post":[],"post_mailing_queue_ids":[],"_links":{"self":[{"href":"http:\/\/staging.ibermusicas.org\/index.php\/wp-json\/wp\/v2\/posts\/7739","targetHints":{"allow":["GET"]}}],"collection":[{"href":"http:\/\/staging.ibermusicas.org\/index.php\/wp-json\/wp\/v2\/posts"}],"about":[{"href":"http:\/\/staging.ibermusicas.org\/index.php\/wp-json\/wp\/v2\/types\/post"}],"author":[{"embeddable":true,"href":"http:\/\/staging.ibermusicas.org\/index.php\/wp-json\/wp\/v2\/users\/1"}],"replies":[{"embeddable":true,"href":"http:\/\/staging.ibermusicas.org\/index.php\/wp-json\/wp\/v2\/comments?post=7739"}],"version-history":[{"count":2,"href":"http:\/\/staging.ibermusicas.org\/index.php\/wp-json\/wp\/v2\/posts\/7739\/revisions"}],"predecessor-version":[{"id":7742,"href":"http:\/\/staging.ibermusicas.org\/index.php\/wp-json\/wp\/v2\/posts\/7739\/revisions\/7742"}],"wp:featuredmedia":[{"embeddable":true,"href":"http:\/\/staging.ibermusicas.org\/index.php\/wp-json\/wp\/v2\/media\/7740"}],"wp:attachment":[{"href":"http:\/\/staging.ibermusicas.org\/index.php\/wp-json\/wp\/v2\/media?parent=7739"}],"wp:term":[{"taxonomy":"category","embeddable":true,"href":"http:\/\/staging.ibermusicas.org\/index.php\/wp-json\/wp\/v2\/categories?post=7739"},{"taxonomy":"post_tag","embeddable":true,"href":"http:\/\/staging.ibermusicas.org\/index.php\/wp-json\/wp\/v2\/tags?post=7739"}],"curies":[{"name":"wp","href":"https:\/\/api.w.org\/{rel}","templated":true}]}}