{"id":7743,"date":"2018-11-30T14:47:37","date_gmt":"2018-11-30T14:47:37","guid":{"rendered":"http:\/\/staging.ibermusicas.org\/?p=7743"},"modified":"2021-07-03T14:48:34","modified_gmt":"2021-07-03T14:48:34","slug":"en-su-septimo-ano-de-trabajo-ininterrumpido-el-programa-ibermusicas-anuncia-los-resultados-de-las-convocatorias-2018-para-los-proyectos-ganadores-que-se-llevaran-a-cabo-durante-2019","status":"publish","type":"post","link":"http:\/\/staging.ibermusicas.org\/index.php\/en-su-septimo-ano-de-trabajo-ininterrumpido-el-programa-ibermusicas-anuncia-los-resultados-de-las-convocatorias-2018-para-los-proyectos-ganadores-que-se-llevaran-a-cabo-durante-2019\/","title":{"rendered":"En su s\u00e9ptimo a\u00f1o de trabajo ininterrumpido, el Programa Iberm\u00fasicas anuncia los resultados de las convocatorias 2018 para los proyectos ganadores que se llevar\u00e1n a cabo durante 2019"},"content":{"rendered":"<p><span data-sheets-value=\"{&quot;1&quot;:2,&quot;2&quot;:&quot;Los proyectos ganadores se presentan conforme a las postulaciones realizadas en las siguientes l\u00edneas de acci\u00f3n:&quot;}\" data-sheets-userformat=\"{&quot;2&quot;:513,&quot;3&quot;:{&quot;1&quot;:0},&quot;12&quot;:0}\">Los proyectos ganadores se presentan conforme a las postulaciones realizadas en las siguientes l\u00edneas de acci\u00f3n:<\/span><\/p>\n","protected":false},"excerpt":{"rendered":"<p>Los proyectos ganadores se presentan conforme a las postulaciones realizadas en las siguientes l\u00edneas de acci\u00f3n:<\/p>\n","protected":false},"author":1,"featured_media":7744,"comment_status":"closed","ping_status":"closed","sticky":false,"template":"","format":"standard","meta":{"footnotes":""},"categories":[53],"tags":[],"class_list":["post-7743","post","type-post","status-publish","format-standard","has-post-thumbnail","hentry","category-noticias-generales"],"lang":"es","translations":{"es":7743},"pll_sync_post":[],"post_mailing_queue_ids":[],"_links":{"self":[{"href":"http:\/\/staging.ibermusicas.org\/index.php\/wp-json\/wp\/v2\/posts\/7743","targetHints":{"allow":["GET"]}}],"collection":[{"href":"http:\/\/staging.ibermusicas.org\/index.php\/wp-json\/wp\/v2\/posts"}],"about":[{"href":"http:\/\/staging.ibermusicas.org\/index.php\/wp-json\/wp\/v2\/types\/post"}],"author":[{"embeddable":true,"href":"http:\/\/staging.ibermusicas.org\/index.php\/wp-json\/wp\/v2\/users\/1"}],"replies":[{"embeddable":true,"href":"http:\/\/staging.ibermusicas.org\/index.php\/wp-json\/wp\/v2\/comments?post=7743"}],"version-history":[{"count":1,"href":"http:\/\/staging.ibermusicas.org\/index.php\/wp-json\/wp\/v2\/posts\/7743\/revisions"}],"predecessor-version":[{"id":7745,"href":"http:\/\/staging.ibermusicas.org\/index.php\/wp-json\/wp\/v2\/posts\/7743\/revisions\/7745"}],"wp:featuredmedia":[{"embeddable":true,"href":"http:\/\/staging.ibermusicas.org\/index.php\/wp-json\/wp\/v2\/media\/7744"}],"wp:attachment":[{"href":"http:\/\/staging.ibermusicas.org\/index.php\/wp-json\/wp\/v2\/media?parent=7743"}],"wp:term":[{"taxonomy":"category","embeddable":true,"href":"http:\/\/staging.ibermusicas.org\/index.php\/wp-json\/wp\/v2\/categories?post=7743"},{"taxonomy":"post_tag","embeddable":true,"href":"http:\/\/staging.ibermusicas.org\/index.php\/wp-json\/wp\/v2\/tags?post=7743"}],"curies":[{"name":"wp","href":"https:\/\/api.w.org\/{rel}","templated":true}]}}