{"id":7746,"date":"2018-12-01T14:48:43","date_gmt":"2018-12-01T14:48:43","guid":{"rendered":"http:\/\/staging.ibermusicas.org\/?p=7746"},"modified":"2021-07-03T14:49:40","modified_gmt":"2021-07-03T14:49:40","slug":"se-anuncia-el-ganador-del-1er-concurso-de-composicion-para-ensamble-de-camara-de-ibermusicas","status":"publish","type":"post","link":"http:\/\/staging.ibermusicas.org\/index.php\/se-anuncia-el-ganador-del-1er-concurso-de-composicion-para-ensamble-de-camara-de-ibermusicas\/","title":{"rendered":"Se anuncia el ganador del 1er Concurso de Composici\u00f3n para Ensamble de C\u00e1mara de Iberm\u00fasicas"},"content":{"rendered":"<p><span data-sheets-value=\"{&quot;1&quot;:2,&quot;2&quot;:&quot;Es motivo de alegr\u00eda y orgullo para Iberm\u00fasicas anunciar que el jurado integrado por los maestros Marcelo Toledo de Argentina, Jerem\u00edas Iturra de Chile y Alejandro Romero de M\u00e9xico luego de un profundo debate horizontal ha elegido por unanimidad como ganadora del \\&quot;1er Concurso de Composici\u00f3n para Ensamble de C\u00e1mara de Iberm\u00fasicas\\&quot; a la obra \\&quot;Dormen incolores id\u00e9ias verdes\/dormem furiosamente verdes\/dormem furiosamente\\&quot; escrita bajo el seud\u00f3nimo B\u00e1rbara Babynha por el compositor S\u00e9rgio Rodrigo Ribeiro Lacerda, de Brasil.&quot;}\" data-sheets-userformat=\"{&quot;2&quot;:513,&quot;3&quot;:{&quot;1&quot;:0},&quot;12&quot;:0}\">Es motivo de alegr\u00eda y orgullo para Iberm\u00fasicas anunciar que el jurado integrado por los maestros Marcelo Toledo de Argentina, Jerem\u00edas Iturra de Chile y Alejandro Romero de M\u00e9xico luego de un profundo debate horizontal ha elegido por unanimidad como ganadora del \u00ab1er Concurso de Composici\u00f3n para Ensamble de C\u00e1mara de Iberm\u00fasicas\u00bb a la obra \u00abDormen incolores id\u00e9ias verdes\/dormem furiosamente verdes\/dormem furiosamente\u00bb escrita bajo el seud\u00f3nimo B\u00e1rbara Babynha por el compositor S\u00e9rgio Rodrigo Ribeiro Lacerda, de Brasil.<\/span><\/p>\n","protected":false},"excerpt":{"rendered":"<p>Es motivo de alegr\u00eda y orgullo para Iberm\u00fasicas anunciar que el jurado integrado por los maestros Marcelo Toledo de Argentina, Jerem\u00edas Iturra de Chile y Alejandro Romero de M\u00e9xico luego de un profundo debate horizontal ha elegido por unanimidad como ganadora del \u00ab1er Concurso de Composici\u00f3n para Ensamble de C\u00e1mara de Iberm\u00fasicas\u00bb a la obra [&hellip;]<\/p>\n","protected":false},"author":1,"featured_media":7747,"comment_status":"closed","ping_status":"closed","sticky":false,"template":"","format":"standard","meta":{"footnotes":""},"categories":[53],"tags":[],"class_list":["post-7746","post","type-post","status-publish","format-standard","has-post-thumbnail","hentry","category-noticias-generales"],"lang":"es","translations":{"es":7746},"pll_sync_post":[],"post_mailing_queue_ids":[],"_links":{"self":[{"href":"http:\/\/staging.ibermusicas.org\/index.php\/wp-json\/wp\/v2\/posts\/7746","targetHints":{"allow":["GET"]}}],"collection":[{"href":"http:\/\/staging.ibermusicas.org\/index.php\/wp-json\/wp\/v2\/posts"}],"about":[{"href":"http:\/\/staging.ibermusicas.org\/index.php\/wp-json\/wp\/v2\/types\/post"}],"author":[{"embeddable":true,"href":"http:\/\/staging.ibermusicas.org\/index.php\/wp-json\/wp\/v2\/users\/1"}],"replies":[{"embeddable":true,"href":"http:\/\/staging.ibermusicas.org\/index.php\/wp-json\/wp\/v2\/comments?post=7746"}],"version-history":[{"count":1,"href":"http:\/\/staging.ibermusicas.org\/index.php\/wp-json\/wp\/v2\/posts\/7746\/revisions"}],"predecessor-version":[{"id":7748,"href":"http:\/\/staging.ibermusicas.org\/index.php\/wp-json\/wp\/v2\/posts\/7746\/revisions\/7748"}],"wp:featuredmedia":[{"embeddable":true,"href":"http:\/\/staging.ibermusicas.org\/index.php\/wp-json\/wp\/v2\/media\/7747"}],"wp:attachment":[{"href":"http:\/\/staging.ibermusicas.org\/index.php\/wp-json\/wp\/v2\/media?parent=7746"}],"wp:term":[{"taxonomy":"category","embeddable":true,"href":"http:\/\/staging.ibermusicas.org\/index.php\/wp-json\/wp\/v2\/categories?post=7746"},{"taxonomy":"post_tag","embeddable":true,"href":"http:\/\/staging.ibermusicas.org\/index.php\/wp-json\/wp\/v2\/tags?post=7746"}],"curies":[{"name":"wp","href":"https:\/\/api.w.org\/{rel}","templated":true}]}}