{"id":7756,"date":"2018-12-09T14:51:49","date_gmt":"2018-12-09T14:51:49","guid":{"rendered":"http:\/\/staging.ibermusicas.org\/?p=7756"},"modified":"2021-07-03T14:52:51","modified_gmt":"2021-07-03T14:52:51","slug":"en-la-ciudad-de-montevideo-uruguay-se-entrego-el-premio-del-concurso-iberoamericano-de-composicion-100-anos-del-tango-la-cumparsita","status":"publish","type":"post","link":"http:\/\/staging.ibermusicas.org\/index.php\/en-la-ciudad-de-montevideo-uruguay-se-entrego-el-premio-del-concurso-iberoamericano-de-composicion-100-anos-del-tango-la-cumparsita\/","title":{"rendered":"En la ciudad de Montevideo, Uruguay, se entreg\u00f3 el premio del Concurso Iberoamericano de Composici\u00f3n 100 A\u00f1os del Tango \u00abLa Cumparsita\u00bb"},"content":{"rendered":"<p><span data-sheets-value=\"{&quot;1&quot;:2,&quot;2&quot;:&quot;El mi\u00e9rcoles 31 de octubre en la sala Hugo Balzo del Auditorio Nacional del SODRE, Montevideo, Uruguay, se realiz\u00f3 la ceremonia de entrega de los Premios Nacionales de M\u00fasica a cargo del Ministerio de Educaci\u00f3n y Cultura, a trav\u00e9s de la Direcci\u00f3n Nacional de Cultura. En la ceremonia participaron la ministra de Educaci\u00f3n y Cultura, Mar\u00eda Julia Mu\u00f1oz y el director nacional de Cultura, Sergio Mautone. &quot;}\" data-sheets-userformat=\"{&quot;2&quot;:513,&quot;3&quot;:{&quot;1&quot;:0},&quot;12&quot;:0}\">El mi\u00e9rcoles 31 de octubre en la sala Hugo Balzo del Auditorio Nacional del SODRE, Montevideo, Uruguay, se realiz\u00f3 la ceremonia de entrega de los Premios Nacionales de M\u00fasica a cargo del Ministerio de Educaci\u00f3n y Cultura, a trav\u00e9s de la Direcci\u00f3n Nacional de Cultura. En la ceremonia participaron la ministra de Educaci\u00f3n y Cultura, Mar\u00eda Julia Mu\u00f1oz y el director nacional de Cultura, Sergio Mautone. <\/span><\/p>\n","protected":false},"excerpt":{"rendered":"<p>El mi\u00e9rcoles 31 de octubre en la sala Hugo Balzo del Auditorio Nacional del SODRE, Montevideo, Uruguay, se realiz\u00f3 la ceremonia de entrega de los Premios Nacionales de M\u00fasica a cargo del Ministerio de Educaci\u00f3n y Cultura, a trav\u00e9s de la Direcci\u00f3n Nacional de Cultura. En la ceremonia participaron la ministra de Educaci\u00f3n y Cultura, [&hellip;]<\/p>\n","protected":false},"author":1,"featured_media":7757,"comment_status":"closed","ping_status":"closed","sticky":false,"template":"","format":"standard","meta":{"footnotes":""},"categories":[53],"tags":[],"class_list":["post-7756","post","type-post","status-publish","format-standard","has-post-thumbnail","hentry","category-noticias-generales"],"lang":"es","translations":{"es":7756},"pll_sync_post":[],"post_mailing_queue_ids":[],"_links":{"self":[{"href":"http:\/\/staging.ibermusicas.org\/index.php\/wp-json\/wp\/v2\/posts\/7756","targetHints":{"allow":["GET"]}}],"collection":[{"href":"http:\/\/staging.ibermusicas.org\/index.php\/wp-json\/wp\/v2\/posts"}],"about":[{"href":"http:\/\/staging.ibermusicas.org\/index.php\/wp-json\/wp\/v2\/types\/post"}],"author":[{"embeddable":true,"href":"http:\/\/staging.ibermusicas.org\/index.php\/wp-json\/wp\/v2\/users\/1"}],"replies":[{"embeddable":true,"href":"http:\/\/staging.ibermusicas.org\/index.php\/wp-json\/wp\/v2\/comments?post=7756"}],"version-history":[{"count":2,"href":"http:\/\/staging.ibermusicas.org\/index.php\/wp-json\/wp\/v2\/posts\/7756\/revisions"}],"predecessor-version":[{"id":7759,"href":"http:\/\/staging.ibermusicas.org\/index.php\/wp-json\/wp\/v2\/posts\/7756\/revisions\/7759"}],"wp:featuredmedia":[{"embeddable":true,"href":"http:\/\/staging.ibermusicas.org\/index.php\/wp-json\/wp\/v2\/media\/7757"}],"wp:attachment":[{"href":"http:\/\/staging.ibermusicas.org\/index.php\/wp-json\/wp\/v2\/media?parent=7756"}],"wp:term":[{"taxonomy":"category","embeddable":true,"href":"http:\/\/staging.ibermusicas.org\/index.php\/wp-json\/wp\/v2\/categories?post=7756"},{"taxonomy":"post_tag","embeddable":true,"href":"http:\/\/staging.ibermusicas.org\/index.php\/wp-json\/wp\/v2\/tags?post=7756"}],"curies":[{"name":"wp","href":"https:\/\/api.w.org\/{rel}","templated":true}]}}