{"id":7775,"date":"2021-07-05T18:12:25","date_gmt":"2021-07-05T18:12:25","guid":{"rendered":"http:\/\/staging.ibermusicas.org\/?p=7775"},"modified":"2021-08-02T18:38:52","modified_gmt":"2021-08-02T18:38:52","slug":"eloisa-diaz-ciencia-urgente-e-a-proposta-da-alameda-memoria-do-chile-que-em-breve-sera-divulgada-ao-publico","status":"publish","type":"post","link":"http:\/\/staging.ibermusicas.org\/index.php\/eloisa-diaz-ciencia-urgente-e-a-proposta-da-alameda-memoria-do-chile-que-em-breve-sera-divulgada-ao-publico\/","title":{"rendered":"Elo\u00edsa D\u00edaz: Ci\u00eancia Urgente, \u00e9 a proposta da Alameda Mem\u00f3ria do Chile que em breve ser\u00e1 divulgada ao p\u00fablico"},"content":{"rendered":"<p>A proposta da Alameda Memoria trata da cria\u00e7\u00e3o, grava\u00e7\u00e3o, produ\u00e7\u00e3o e divulga\u00e7\u00e3o da obra musical Elo\u00edsa D\u00edaz: Ci\u00eancia Urgente. Oito can\u00e7\u00f5es em ritmos de ra\u00edzes folcl\u00f3ricas chilenas, compostas para um conjunto diversificado de vozes mistas, sopros, teclados, cordofones latino-americanos e percuss\u00e3o. A ilustradora Paz Donoso contribui com suas ilustra\u00e7\u00f5es em quadrinhos, montadas em v\u00eddeo, para ampliar o escopo da obra e representar detalhadamente os processos hist\u00f3ricos nela presentes.<\/p>\n<p>Elo\u00edsa D\u00edaz: Ci\u00eancia Urgente \u00e9 um projeto musical ilustrado de divulga\u00e7\u00e3o hist\u00f3rica e cient\u00edfica, baseado na biografia de Elo\u00edsa D\u00edaz (1866 &#8211; 1950). A primeira m\u00e9dica chilena e latino-americana. A chamada mulher ilustre da Am\u00e9rica. A precursora das bolsas JUNAEB. A primeira mulher a ingressar na Sociedade Cient\u00edfica do Chile. A sobrevivente de uma doen\u00e7a incur\u00e1vel. Aquela que apostou tudo na imunidade infantil. Aquela que usou o m\u00e9todo cient\u00edfico para persuadir os governantes a se encarregarem da preven\u00e7\u00e3o e da sa\u00fade. A pioneira. A tenaz. No dia do seu anivers\u00e1rio, Elo\u00edsa D\u00edaz Ci\u00eancia Urgente j\u00e1 est\u00e1 a caminho.<\/p>\n<p>Era preciso obter o passe da sociedade para que a mo\u00e7a pudesse sair de casa e chegar, sen\u00e3o com sua manifesta satisfa\u00e7\u00e3o, pelo menos sem sua desaprova\u00e7\u00e3o, ao santu\u00e1rio das letras e das ci\u00eancias para voar at\u00e9 ele sem ser olhada em seu retorno com desconfian\u00e7a e com o canto do olho. (Elo\u00edsa D\u00edaz)<\/p>\n<p>Mais informa\u00e7\u00f5es em:<a href=\"https:\/\/lt.mydplr.com\/46b84fbac459fba3858cef646bd20d2c-81868bec073b3970fa62af291f12b42d\" target=\"_blank\" rel=\"noopener\" data-saferedirecturl=\"https:\/\/www.google.com\/url?q=https:\/\/lt.mydplr.com\/46b84fbac459fba3858cef646bd20d2c-81868bec073b3970fa62af291f12b42d&amp;source=gmail&amp;ust=1625589460717000&amp;usg=AFQjCNGZbP5D-r-85zz-ePw9C9G_5Up4bg\">\u00a0www.facebook.com<\/a><\/p>\n","protected":false},"excerpt":{"rendered":"<p>A proposta da Alameda Memoria trata da cria\u00e7\u00e3o, grava\u00e7\u00e3o, produ\u00e7\u00e3o e divulga\u00e7\u00e3o da obra musical Elo\u00edsa D\u00edaz: Ci\u00eancia Urgente. Oito can\u00e7\u00f5es em ritmos de ra\u00edzes folcl\u00f3ricas chilenas, compostas para um conjunto diversificado de vozes mistas, sopros, teclados, cordofones latino-americanos e percuss\u00e3o. A ilustradora Paz Donoso contribui com suas ilustra\u00e7\u00f5es em quadrinhos, montadas em v\u00eddeo, para [&hellip;]<\/p>\n","protected":false},"author":1,"featured_media":7773,"comment_status":"closed","ping_status":"closed","sticky":false,"template":"","format":"standard","meta":{"footnotes":""},"categories":[218],"tags":[],"class_list":["post-7775","post","type-post","status-publish","format-standard","has-post-thumbnail","hentry","category-noticias-generales-pt"],"lang":"pt","translations":{"pt":7775,"es":7772},"pll_sync_post":[],"post_mailing_queue_ids":[],"_links":{"self":[{"href":"http:\/\/staging.ibermusicas.org\/index.php\/wp-json\/wp\/v2\/posts\/7775","targetHints":{"allow":["GET"]}}],"collection":[{"href":"http:\/\/staging.ibermusicas.org\/index.php\/wp-json\/wp\/v2\/posts"}],"about":[{"href":"http:\/\/staging.ibermusicas.org\/index.php\/wp-json\/wp\/v2\/types\/post"}],"author":[{"embeddable":true,"href":"http:\/\/staging.ibermusicas.org\/index.php\/wp-json\/wp\/v2\/users\/1"}],"replies":[{"embeddable":true,"href":"http:\/\/staging.ibermusicas.org\/index.php\/wp-json\/wp\/v2\/comments?post=7775"}],"version-history":[{"count":1,"href":"http:\/\/staging.ibermusicas.org\/index.php\/wp-json\/wp\/v2\/posts\/7775\/revisions"}],"predecessor-version":[{"id":7776,"href":"http:\/\/staging.ibermusicas.org\/index.php\/wp-json\/wp\/v2\/posts\/7775\/revisions\/7776"}],"wp:featuredmedia":[{"embeddable":true,"href":"http:\/\/staging.ibermusicas.org\/index.php\/wp-json\/wp\/v2\/media\/7773"}],"wp:attachment":[{"href":"http:\/\/staging.ibermusicas.org\/index.php\/wp-json\/wp\/v2\/media?parent=7775"}],"wp:term":[{"taxonomy":"category","embeddable":true,"href":"http:\/\/staging.ibermusicas.org\/index.php\/wp-json\/wp\/v2\/categories?post=7775"},{"taxonomy":"post_tag","embeddable":true,"href":"http:\/\/staging.ibermusicas.org\/index.php\/wp-json\/wp\/v2\/tags?post=7775"}],"curies":[{"name":"wp","href":"https:\/\/api.w.org\/{rel}","templated":true}]}}