{"id":7777,"date":"2021-07-05T18:17:14","date_gmt":"2021-07-05T18:17:14","guid":{"rendered":"http:\/\/staging.ibermusicas.org\/?p=7777"},"modified":"2021-08-02T18:36:42","modified_gmt":"2021-08-02T18:36:42","slug":"jaime-gonzalo-fernandez-lima-zongo-de-ecuador-inicia-su-residencia-imersao-latina-2021-en-belo-horizonte-brasil","status":"publish","type":"post","link":"http:\/\/staging.ibermusicas.org\/index.php\/jaime-gonzalo-fernandez-lima-zongo-de-ecuador-inicia-su-residencia-imersao-latina-2021-en-belo-horizonte-brasil\/","title":{"rendered":"Jaime Gonzalo Fern\u00e1ndez Lima (Zongo) de Ecuador inicia su Resid\u00eancia Imers\u00e3o Latina 2021 en Belo Horizonte, Brasil"},"content":{"rendered":"<p>El artista Jaime Gonzalo Fern\u00e1ndez Lima (Zongo), m\u00fasico y compositor ecuatoriano residente en Gal\u00e1pagos es el invitado del Instituto Imers\u00e3o Latina, de Brasil para una Residencia Musical que se dar\u00e1 de manera virtual en los meses de julio y agosto de 2021. Se trata de un intercambio virtual de ritmos ecuatorianos y brasile\u00f1os para producci\u00f3n y formaci\u00f3n musical.<\/p>\n<p>La tem\u00e1tica abarca una investigaci\u00f3n de las relaciones musicales contempor\u00e1neas (conscientes e inconscientes) entre Brasil y Ecuador. Se realizar\u00e1 la grabaci\u00f3n, mezcla y mastering de dos temas musicales junto con clases, charlas, conversatorios y talleres.<\/p>\n<p>Ser\u00e1n parte de esta residencia, por Ecuador: Zongo y el productor audiovisual Carlos Gavela y por Brasil: Brenda Marques Pena (compositora y productora), Wender Patrick Santos Mar\u00e7al (m\u00fasico y educador musical), Nelson Rodrigues Pombo Jr. (m\u00fasico y educador musical) y Rita Efig\u00eania Silva (cantante y educadora musical).<\/p>\n<p>Parte de las grabaciones se realizar\u00e1n en el estudio escuela del Centro Cultural Flor do Cascalho, en Morro das Pedras, en Belo Horizonte, y otras en Gal\u00e1pagos. Se realizar\u00e1 un video registro documental del proceso de producci\u00f3n, talleres virtuales y un lanzamiento en vivo documental del proyecto, que ser\u00e1 presentado en el mes de agosto como difusi\u00f3n de esta experiencia y se compartir\u00e1 por las plataformas de Imers\u00e3o Latina.<\/p>\n<p>S\u00e1bado 10 de julio, 17 hs (hora de Gal\u00e1pagos). Taller de ritmos afro ecuatorianos a cargo de Zongo.<br \/>\nS\u00e1bado 17 de julio. Taller de ritmos afro brasile\u00f1os a cargo de m\u00fasicos de Imers\u00e3o Latina \/Centro Cultural Flor do Cascalho.<br \/>\nS\u00e1bado 14 de agosto. Lanzamiento de los temas musicales y video de la residencia.<br \/>\nPlataformas:\u00a0<a href=\"http:\/\/youtube.com\/imersaolatina\" target=\"_blank\" rel=\"noopener\" data-saferedirecturl=\"https:\/\/www.google.com\/url?q=http:\/\/youtube.com\/imersaolatina&amp;source=gmail&amp;ust=1625589460717000&amp;usg=AFQjCNGUTwl-NaH9MwQ8Bb6a37FOx8JVLQ\">youtube.com\/imersaolatina<\/a>,\u00a0<a href=\"http:\/\/facebook.com\/imersaolatina\" target=\"_blank\" rel=\"noopener\" data-saferedirecturl=\"https:\/\/www.google.com\/url?q=http:\/\/facebook.com\/imersaolatina&amp;source=gmail&amp;ust=1625589460718000&amp;usg=AFQjCNG5UWIjjr1MbjqdbYi3XkPQteu4yw\">facebook.com\/imersaolatina<\/a>,\u00a0<a href=\"http:\/\/instagram.com\/musico_galapagos\" target=\"_blank\" rel=\"noopener\" data-saferedirecturl=\"https:\/\/www.google.com\/url?q=http:\/\/instagram.com\/musico_galapagos&amp;source=gmail&amp;ust=1625589460718000&amp;usg=AFQjCNFUjvqi2GW0Wxn86uLDBgykbevYNg\">instagram.com\/musico_galapagos<\/a><\/p>\n","protected":false},"excerpt":{"rendered":"<p>El artista Jaime Gonzalo Fern\u00e1ndez Lima (Zongo), m\u00fasico y compositor ecuatoriano residente en Gal\u00e1pagos es el invitado del Instituto Imers\u00e3o Latina, de Brasil para una Residencia Musical que se dar\u00e1 de manera virtual en los meses de julio y agosto de 2021. Se trata de un intercambio virtual de ritmos ecuatorianos y brasile\u00f1os para producci\u00f3n [&hellip;]<\/p>\n","protected":false},"author":1,"featured_media":7778,"comment_status":"closed","ping_status":"closed","sticky":false,"template":"","format":"standard","meta":{"footnotes":""},"categories":[53],"tags":[],"class_list":["post-7777","post","type-post","status-publish","format-standard","has-post-thumbnail","hentry","category-noticias-generales"],"lang":"es","translations":{"es":7777,"pt":7781},"pll_sync_post":[],"post_mailing_queue_ids":[],"_links":{"self":[{"href":"http:\/\/staging.ibermusicas.org\/index.php\/wp-json\/wp\/v2\/posts\/7777","targetHints":{"allow":["GET"]}}],"collection":[{"href":"http:\/\/staging.ibermusicas.org\/index.php\/wp-json\/wp\/v2\/posts"}],"about":[{"href":"http:\/\/staging.ibermusicas.org\/index.php\/wp-json\/wp\/v2\/types\/post"}],"author":[{"embeddable":true,"href":"http:\/\/staging.ibermusicas.org\/index.php\/wp-json\/wp\/v2\/users\/1"}],"replies":[{"embeddable":true,"href":"http:\/\/staging.ibermusicas.org\/index.php\/wp-json\/wp\/v2\/comments?post=7777"}],"version-history":[{"count":2,"href":"http:\/\/staging.ibermusicas.org\/index.php\/wp-json\/wp\/v2\/posts\/7777\/revisions"}],"predecessor-version":[{"id":7780,"href":"http:\/\/staging.ibermusicas.org\/index.php\/wp-json\/wp\/v2\/posts\/7777\/revisions\/7780"}],"wp:featuredmedia":[{"embeddable":true,"href":"http:\/\/staging.ibermusicas.org\/index.php\/wp-json\/wp\/v2\/media\/7778"}],"wp:attachment":[{"href":"http:\/\/staging.ibermusicas.org\/index.php\/wp-json\/wp\/v2\/media?parent=7777"}],"wp:term":[{"taxonomy":"category","embeddable":true,"href":"http:\/\/staging.ibermusicas.org\/index.php\/wp-json\/wp\/v2\/categories?post=7777"},{"taxonomy":"post_tag","embeddable":true,"href":"http:\/\/staging.ibermusicas.org\/index.php\/wp-json\/wp\/v2\/tags?post=7777"}],"curies":[{"name":"wp","href":"https:\/\/api.w.org\/{rel}","templated":true}]}}