{"id":7783,"date":"2021-07-05T18:26:48","date_gmt":"2021-07-05T18:26:48","guid":{"rendered":"http:\/\/staging.ibermusicas.org\/?p=7783"},"modified":"2021-08-02T18:36:33","modified_gmt":"2021-08-02T18:36:33","slug":"el-cmmas-de-mexico-continua-con-su-ciclo-perspectivas-sonoras-2021-3","status":"publish","type":"post","link":"http:\/\/staging.ibermusicas.org\/index.php\/el-cmmas-de-mexico-continua-con-su-ciclo-perspectivas-sonoras-2021-3\/","title":{"rendered":"El CMMAS de M\u00e9xico contin\u00faa con su ciclo Perspectivas Sonoras 2021"},"content":{"rendered":"<p>Perspectivas Sonoras 2021 es un ciclo de conciertos y conferencias que se desarrolla de abril a septiembre del a\u00f1o 2021 de forma virtual por el Centro Mexicano para la M\u00fasica y las Artes Sonoras, CMMAS.<\/p>\n<p>Desde la fundaci\u00f3n del Centro Mexicano para la M\u00fasica y las Artes Sonoras, CMMAS en 2006, se ha trabajado para contribuir al desarrollo musical y sonoro tanto en M\u00e9xico como a nivel internacional. A trav\u00e9s de sus programas de acci\u00f3n, fomenta la creaci\u00f3n, promociona y difunde la obra de artistas y creadores mexicanos y extranjeros, emergentes y con amplia trayectoria; provoca la formaci\u00f3n de p\u00fablicos a trav\u00e9s de programas para ni\u00f1os y j\u00f3venes y p\u00fablico en general y contribuye a la formaci\u00f3n especializada en temas actuales e indispensables para la creaci\u00f3n y desarrollo profesional.<\/p>\n<p>Perspectivas Sonoras contin\u00faa las actividades de difusi\u00f3n, promoci\u00f3n y fomento a la creaci\u00f3n de m\u00fasica y arte sonoro, presentando el trabajo de artistas latinoamericanos.<\/p>\n<p>Viernes 9 de julio 20 hs. (hora de M\u00e9xico) Concierto virtual Perspectivas Sonoras \/ 8 Mes\u00edas Maiguashca (Ecuador)<br \/>\nViernes 16 de julio 20 hs. (hora de M\u00e9xico) Concierto virtual Perspectivas Sonoras \/ 9 Lum\u00ednico (M\u00e9xico)<br \/>\nViernes 23 de julio 20 hs. (hora de M\u00e9xico) Concierto virtual Perspectivas Sonoras \/ 10 Doctor Zoppa (Argentina)<br \/>\nTransmitido por el canal de YouTube del CMMAS:\u00a0<a href=\"https:\/\/lt.mydplr.com\/c5037e1c58f82e9c75b3119b8ce975b5-81868bec073b3970fa62af291f12b42d\" target=\"_blank\" rel=\"noopener\" data-saferedirecturl=\"https:\/\/www.google.com\/url?q=https:\/\/lt.mydplr.com\/c5037e1c58f82e9c75b3119b8ce975b5-81868bec073b3970fa62af291f12b42d&amp;source=gmail&amp;ust=1625589460718000&amp;usg=AFQjCNFHv5JXa9DGUr2aUfyD-8eVtY3gLA\">youtube.com<\/a><\/p>\n","protected":false},"excerpt":{"rendered":"<p>Perspectivas Sonoras 2021 es un ciclo de conciertos y conferencias que se desarrolla de abril a septiembre del a\u00f1o 2021 de forma virtual por el Centro Mexicano para la M\u00fasica y las Artes Sonoras, CMMAS. Desde la fundaci\u00f3n del Centro Mexicano para la M\u00fasica y las Artes Sonoras, CMMAS en 2006, se ha trabajado para [&hellip;]<\/p>\n","protected":false},"author":1,"featured_media":7784,"comment_status":"closed","ping_status":"closed","sticky":false,"template":"","format":"standard","meta":{"footnotes":""},"categories":[53],"tags":[],"class_list":["post-7783","post","type-post","status-publish","format-standard","has-post-thumbnail","hentry","category-noticias-generales"],"lang":"es","translations":{"es":7783,"pt":7786},"pll_sync_post":[],"post_mailing_queue_ids":[],"_links":{"self":[{"href":"http:\/\/staging.ibermusicas.org\/index.php\/wp-json\/wp\/v2\/posts\/7783","targetHints":{"allow":["GET"]}}],"collection":[{"href":"http:\/\/staging.ibermusicas.org\/index.php\/wp-json\/wp\/v2\/posts"}],"about":[{"href":"http:\/\/staging.ibermusicas.org\/index.php\/wp-json\/wp\/v2\/types\/post"}],"author":[{"embeddable":true,"href":"http:\/\/staging.ibermusicas.org\/index.php\/wp-json\/wp\/v2\/users\/1"}],"replies":[{"embeddable":true,"href":"http:\/\/staging.ibermusicas.org\/index.php\/wp-json\/wp\/v2\/comments?post=7783"}],"version-history":[{"count":1,"href":"http:\/\/staging.ibermusicas.org\/index.php\/wp-json\/wp\/v2\/posts\/7783\/revisions"}],"predecessor-version":[{"id":7785,"href":"http:\/\/staging.ibermusicas.org\/index.php\/wp-json\/wp\/v2\/posts\/7783\/revisions\/7785"}],"wp:featuredmedia":[{"embeddable":true,"href":"http:\/\/staging.ibermusicas.org\/index.php\/wp-json\/wp\/v2\/media\/7784"}],"wp:attachment":[{"href":"http:\/\/staging.ibermusicas.org\/index.php\/wp-json\/wp\/v2\/media?parent=7783"}],"wp:term":[{"taxonomy":"category","embeddable":true,"href":"http:\/\/staging.ibermusicas.org\/index.php\/wp-json\/wp\/v2\/categories?post=7783"},{"taxonomy":"post_tag","embeddable":true,"href":"http:\/\/staging.ibermusicas.org\/index.php\/wp-json\/wp\/v2\/tags?post=7783"}],"curies":[{"name":"wp","href":"https:\/\/api.w.org\/{rel}","templated":true}]}}