{"id":7786,"date":"2021-07-05T18:30:04","date_gmt":"2021-07-05T18:30:04","guid":{"rendered":"http:\/\/staging.ibermusicas.org\/?p=7786"},"modified":"2021-08-02T18:38:38","modified_gmt":"2021-08-02T18:38:38","slug":"o-cmmas-do-mexico-continua-com-seu-ciclo-perspectivas-sonoras-2021-3","status":"publish","type":"post","link":"http:\/\/staging.ibermusicas.org\/index.php\/o-cmmas-do-mexico-continua-com-seu-ciclo-perspectivas-sonoras-2021-3\/","title":{"rendered":"O CMMAS do M\u00e9xico continua com seu ciclo Perspectivas Sonoras 2021"},"content":{"rendered":"<p>Perspectivas Sonoras 2021 es un ciclo de conciertos y conferencias que se desarrolla de abril a septiembre del a\u00f1o 2021 de forma virtual por el Centro Mexicano para la M\u00fasica y las Artes Sonoras, CMMAS.<\/p>\n<p>Perspectivas Sonoras 2021 \u00e9 uma s\u00e9rie de concertos e confer\u00eancias que acontecem de abril a setembro de 2021 virtualmente pelo Centro Mexicano de M\u00fasica e Artes Sonoras, CMMAS.<\/p>\n<p>Desde a funda\u00e7\u00e3o do Centro Mexicano de M\u00fasica e Artes Sonoras, CMMAS em 2006, um trabalho tem sido feito para contribuir para o desenvolvimento musical e sonoro no M\u00e9xico e internacionalmente. Por meio de seus programas de a\u00e7\u00e3o, incentiva a cria\u00e7\u00e3o, promove e divulga o trabalho de artistas e criadores emergentes mexicanos e estrangeiros com vasta experi\u00eancia; provoca a forma\u00e7\u00e3o de p\u00fablicos por meio de programas para crian\u00e7as e jovens e ao p\u00fablico em geral e contribui para a forma\u00e7\u00e3o especializada em temas atuais e essenciais para a cria\u00e7\u00e3o e o desenvolvimento profissional.<\/p>\n<p>Perspectivas Sonoras continua suas atividades de divulga\u00e7\u00e3o, promo\u00e7\u00e3o e incentivo \u00e0 cria\u00e7\u00e3o musical e sonora, apresentando o trabalho de artistas latino-americanos.<\/p>\n<p>Sexta-feira 9 de julho 20 hs. (hora do M\u00e9xico) Concierto virtual Perspectivas Sonoras \/ 8 Mes\u00edas Maiguashca (Ecuador)<br \/>\nSexta-feira 16 de julho 20 hs. (hora do M\u00e9xico) Concierto virtual Perspectivas Sonoras \/ 9 Lum\u00ednico (M\u00e9xico)<br \/>\nSexta-feira 23 de julho 20 hs. (hora do M\u00e9xico) Concierto virtual Perspectivas Sonoras \/ 10 Doctor Zoppa (Argentina)<br \/>\nTransmitido pelo canal do CMMAS no YouTube:\u00a0<a href=\"https:\/\/lt.mydplr.com\/c5037e1c58f82e9c75b3119b8ce975b5-81868bec073b3970fa62af291f12b42d\" target=\"_blank\" rel=\"noopener\" data-saferedirecturl=\"https:\/\/www.google.com\/url?q=https:\/\/lt.mydplr.com\/c5037e1c58f82e9c75b3119b8ce975b5-81868bec073b3970fa62af291f12b42d&amp;source=gmail&amp;ust=1625589460718000&amp;usg=AFQjCNFHv5JXa9DGUr2aUfyD-8eVtY3gLA\">youtube.com<\/a><\/p>\n","protected":false},"excerpt":{"rendered":"<p>Perspectivas Sonoras 2021 es un ciclo de conciertos y conferencias que se desarrolla de abril a septiembre del a\u00f1o 2021 de forma virtual por el Centro Mexicano para la M\u00fasica y las Artes Sonoras, CMMAS. Perspectivas Sonoras 2021 \u00e9 uma s\u00e9rie de concertos e confer\u00eancias que acontecem de abril a setembro de 2021 virtualmente pelo [&hellip;]<\/p>\n","protected":false},"author":1,"featured_media":7784,"comment_status":"closed","ping_status":"closed","sticky":false,"template":"","format":"standard","meta":{"footnotes":""},"categories":[218],"tags":[],"class_list":["post-7786","post","type-post","status-publish","format-standard","has-post-thumbnail","hentry","category-noticias-generales-pt"],"lang":"pt","translations":{"pt":7786,"es":7783},"pll_sync_post":[],"post_mailing_queue_ids":[],"_links":{"self":[{"href":"http:\/\/staging.ibermusicas.org\/index.php\/wp-json\/wp\/v2\/posts\/7786","targetHints":{"allow":["GET"]}}],"collection":[{"href":"http:\/\/staging.ibermusicas.org\/index.php\/wp-json\/wp\/v2\/posts"}],"about":[{"href":"http:\/\/staging.ibermusicas.org\/index.php\/wp-json\/wp\/v2\/types\/post"}],"author":[{"embeddable":true,"href":"http:\/\/staging.ibermusicas.org\/index.php\/wp-json\/wp\/v2\/users\/1"}],"replies":[{"embeddable":true,"href":"http:\/\/staging.ibermusicas.org\/index.php\/wp-json\/wp\/v2\/comments?post=7786"}],"version-history":[{"count":1,"href":"http:\/\/staging.ibermusicas.org\/index.php\/wp-json\/wp\/v2\/posts\/7786\/revisions"}],"predecessor-version":[{"id":7787,"href":"http:\/\/staging.ibermusicas.org\/index.php\/wp-json\/wp\/v2\/posts\/7786\/revisions\/7787"}],"wp:featuredmedia":[{"embeddable":true,"href":"http:\/\/staging.ibermusicas.org\/index.php\/wp-json\/wp\/v2\/media\/7784"}],"wp:attachment":[{"href":"http:\/\/staging.ibermusicas.org\/index.php\/wp-json\/wp\/v2\/media?parent=7786"}],"wp:term":[{"taxonomy":"category","embeddable":true,"href":"http:\/\/staging.ibermusicas.org\/index.php\/wp-json\/wp\/v2\/categories?post=7786"},{"taxonomy":"post_tag","embeddable":true,"href":"http:\/\/staging.ibermusicas.org\/index.php\/wp-json\/wp\/v2\/tags?post=7786"}],"curies":[{"name":"wp","href":"https:\/\/api.w.org\/{rel}","templated":true}]}}