{"id":7788,"date":"2021-07-05T18:53:06","date_gmt":"2021-07-05T18:53:06","guid":{"rendered":"http:\/\/staging.ibermusicas.org\/?p=7788"},"modified":"2021-08-02T18:36:27","modified_gmt":"2021-08-02T18:36:27","slug":"el-maestro-gabriel-schebor-de-argentina-comienza-su-ciclo-de-conciertos-y-clases-maestras-con-una-presentacion-virtual-en-ufrn-universidad-federal-de-rio-grande-do-norte-brasil","status":"publish","type":"post","link":"http:\/\/staging.ibermusicas.org\/index.php\/el-maestro-gabriel-schebor-de-argentina-comienza-su-ciclo-de-conciertos-y-clases-maestras-con-una-presentacion-virtual-en-ufrn-universidad-federal-de-rio-grande-do-norte-brasil\/","title":{"rendered":"El maestro Gabriel Schebor de Argentina, comienza su ciclo de conciertos y clases maestras con una presentaci\u00f3n virtual en UFRN (Universidad Federal de R\u00edo Grande do Norte, Brasil)"},"content":{"rendered":"<p>Considerado uno de los m\u00e1s destacados int\u00e9rpretes de instrumentos hist\u00f3ricos de cuerdas pulsadas a nivel mundial, se ha formado como Profesor Superior de Guitarra, egresando del Conservatorio Provincial de M\u00fasica Juan Jos\u00e9 Castro. Ha tenido por maestros a L.Wagner, G.Pomponio, V.Villadangos, E.Eg\u00fcez, D.Costoyas, y Hopkinson Smith. Tambi\u00e9n es Licenciado en Sociolog\u00eda por la Universidad de Buenos Aires. Ha realizado conciertos tanto como solista como en grupos, en casi toda Sudam\u00e9rica y Europa. Ha grabado una veintena de C.D. editados en Argentina, Bolivia, Francia y Uruguay.<\/p>\n<p>Ha interpretado en primera audici\u00f3n en tiempos actuales, numerosas obras del repertorio barroco y cl\u00e1sico americano de conjunto, m\u00fasica latinoamericana de guitarra barroca y cl\u00e1sico-rom\u00e1ntica. Ha dirigido numerosos conciertos de repertorio barroco y cl\u00e1sico hispanoamericano e italiano dando a conocer obras en primera audici\u00f3n. Es profesor en el Conservatorio Provincial de M\u00fasica Juan Jos\u00e9 Castro (Buenos Aires), y ha dado cursos de interpretaci\u00f3n de la m\u00fasica antigua con criterio historicista, cursos de barroco latinoamericano, de m\u00fasica de c\u00e1mara, de bajo continuo y de m\u00fasica para instrumentos de cuerda pulsada renacentistas y barrocos. A la vez ha impartido cursos de posgrado sobre los m\u00e9todos hist\u00f3ricos de la guitarra cl\u00e1sico-rom\u00e1ntica en las Universidades nacionales de Rosario y U.N.N.O.B.A.<\/p>\n<p>Viernes 9 de julio Tert\u00falia Musical presenta: Gabriel Schebor &#8211; Guitarra Barroca &#8211; Obras de Santiago de Murcia<\/p>\n<p>17 hs. Masterclass.\u00a0<a href=\"https:\/\/lt.mydplr.com\/88fb5262978e292aa628aec2396209fe-81868bec073b3970fa62af291f12b42d\" target=\"_blank\" rel=\"noopener\" data-saferedirecturl=\"https:\/\/www.google.com\/url?q=https:\/\/lt.mydplr.com\/88fb5262978e292aa628aec2396209fe-81868bec073b3970fa62af291f12b42d&amp;source=gmail&amp;ust=1625589460718000&amp;usg=AFQjCNF6Qv58Syzne5flwftXfX6F-5B7Yw\">aqu\u00ed<\/a><br \/>\n20 hs. Concierto.\u00a0<a href=\"https:\/\/lt.mydplr.com\/3a0be40426a6afb7b18a449bbc6dc5e4-81868bec073b3970fa62af291f12b42d\" target=\"_blank\" rel=\"noopener\" data-saferedirecturl=\"https:\/\/www.google.com\/url?q=https:\/\/lt.mydplr.com\/3a0be40426a6afb7b18a449bbc6dc5e4-81868bec073b3970fa62af291f12b42d&amp;source=gmail&amp;ust=1625589460718000&amp;usg=AFQjCNHvVM2RlM3HcHJ4JhOWfBPyrh1OYg\">aqu\u00ed<\/a><\/p>\n","protected":false},"excerpt":{"rendered":"<p>Considerado uno de los m\u00e1s destacados int\u00e9rpretes de instrumentos hist\u00f3ricos de cuerdas pulsadas a nivel mundial, se ha formado como Profesor Superior de Guitarra, egresando del Conservatorio Provincial de M\u00fasica Juan Jos\u00e9 Castro. Ha tenido por maestros a L.Wagner, G.Pomponio, V.Villadangos, E.Eg\u00fcez, D.Costoyas, y Hopkinson Smith. Tambi\u00e9n es Licenciado en Sociolog\u00eda por la Universidad de [&hellip;]<\/p>\n","protected":false},"author":1,"featured_media":7789,"comment_status":"closed","ping_status":"closed","sticky":false,"template":"","format":"standard","meta":{"footnotes":""},"categories":[53],"tags":[],"class_list":["post-7788","post","type-post","status-publish","format-standard","has-post-thumbnail","hentry","category-noticias-generales"],"lang":"es","translations":{"es":7788,"pt":7791},"pll_sync_post":[],"post_mailing_queue_ids":[],"_links":{"self":[{"href":"http:\/\/staging.ibermusicas.org\/index.php\/wp-json\/wp\/v2\/posts\/7788","targetHints":{"allow":["GET"]}}],"collection":[{"href":"http:\/\/staging.ibermusicas.org\/index.php\/wp-json\/wp\/v2\/posts"}],"about":[{"href":"http:\/\/staging.ibermusicas.org\/index.php\/wp-json\/wp\/v2\/types\/post"}],"author":[{"embeddable":true,"href":"http:\/\/staging.ibermusicas.org\/index.php\/wp-json\/wp\/v2\/users\/1"}],"replies":[{"embeddable":true,"href":"http:\/\/staging.ibermusicas.org\/index.php\/wp-json\/wp\/v2\/comments?post=7788"}],"version-history":[{"count":1,"href":"http:\/\/staging.ibermusicas.org\/index.php\/wp-json\/wp\/v2\/posts\/7788\/revisions"}],"predecessor-version":[{"id":7790,"href":"http:\/\/staging.ibermusicas.org\/index.php\/wp-json\/wp\/v2\/posts\/7788\/revisions\/7790"}],"wp:featuredmedia":[{"embeddable":true,"href":"http:\/\/staging.ibermusicas.org\/index.php\/wp-json\/wp\/v2\/media\/7789"}],"wp:attachment":[{"href":"http:\/\/staging.ibermusicas.org\/index.php\/wp-json\/wp\/v2\/media?parent=7788"}],"wp:term":[{"taxonomy":"category","embeddable":true,"href":"http:\/\/staging.ibermusicas.org\/index.php\/wp-json\/wp\/v2\/categories?post=7788"},{"taxonomy":"post_tag","embeddable":true,"href":"http:\/\/staging.ibermusicas.org\/index.php\/wp-json\/wp\/v2\/tags?post=7788"}],"curies":[{"name":"wp","href":"https:\/\/api.w.org\/{rel}","templated":true}]}}