{"id":7791,"date":"2021-07-05T18:56:31","date_gmt":"2021-07-05T18:56:31","guid":{"rendered":"http:\/\/staging.ibermusicas.org\/?p=7791"},"modified":"2021-08-02T18:38:32","modified_gmt":"2021-08-02T18:38:32","slug":"o-professor-gabriel-schebor-da-argentina-inicia-seu-ciclo-de-concertos-e-palestras-com-uma-apresentacao-virtual-na-ufrn-universidade-federal-do-rio-grande-do-norte-brasil","status":"publish","type":"post","link":"http:\/\/staging.ibermusicas.org\/index.php\/o-professor-gabriel-schebor-da-argentina-inicia-seu-ciclo-de-concertos-e-palestras-com-uma-apresentacao-virtual-na-ufrn-universidade-federal-do-rio-grande-do-norte-brasil\/","title":{"rendered":"O professor Gabriel Schebor, da Argentina, inicia seu ciclo de concertos e palestras com uma apresenta\u00e7\u00e3o virtual na UFRN (Universidade Federal do Rio Grande do Norte, Brasil)"},"content":{"rendered":"<p>Considerado um dos mais destacados int\u00e9rpretes de instrumentos hist\u00f3ricos de cordas dedilhadas em todo o mundo, formou-se como Professor de Viol\u00e3o S\u00eanior, graduando-se no Conservat\u00f3rio Provincial de M\u00fasica Juan Jos\u00e9 Castro. Teve como professores L. Wagner, G. Pomponio, V. Villadangos, E. Eg\u00fcez, D. Costoyas e Hopkinson Smith. Ele tamb\u00e9m \u00e9 formado em Sociologia pela Universidade de Buenos Aires. Tem realizado concertos como solista e em grupos, em quase toda a Am\u00e9rica do Sul e Europa. Ele registrou uma grande quantidade de CD publicados na Argentina, Bol\u00edvia, Fran\u00e7a e Uruguai.<\/p>\n<p>Realizou em primeira audi\u00e7\u00e3o nos tempos atuais, in\u00fameras obras do repert\u00f3rio cl\u00e1ssico barroco e cl\u00e1ssico americano, barroco latino-americano e viol\u00e3o cl\u00e1ssico-rom\u00e2ntico. Dirigiu numerosos concertos de repert\u00f3rio cl\u00e1ssico hispano-americano e italiano barroco e cl\u00e1ssico, apresentando obras em primeira audi\u00e7\u00e3o. \u00c9 professor do Conservat\u00f3rio Provincial de M\u00fasica Juan Jos\u00e9 Castro (Buenos Aires), tendo ministrado cursos de interpreta\u00e7\u00e3o de m\u00fasica antiga com crit\u00e9rios historicistas, cursos de barroco latino-americano, m\u00fasica de c\u00e2mara, baixo cont\u00ednuo e m\u00fasica para instrumentos de cordas dedilhadas renascen\u00e7a e barrocas. Ao mesmo tempo, ele ministrou cursos de p\u00f3s-gradua\u00e7\u00e3o sobre os m\u00e9todos hist\u00f3ricos do viol\u00e3o cl\u00e1ssico-rom\u00e2ntico nas Universidades Nacionais de Ros\u00e1rio e U.N.N.O.B.A.<\/p>\n<p>Sexta-feira, 9 de julho Tert\u00falia Musical apresenta: Gabriel Schebor &#8211; Guitarra Barroca &#8211; Obras de Santiago de Murcia<\/p>\n<p>17 hs. Masterclass.\u00a0<a href=\"https:\/\/lt.mydplr.com\/88fb5262978e292aa628aec2396209fe-81868bec073b3970fa62af291f12b42d\" target=\"_blank\" rel=\"noopener\" data-saferedirecturl=\"https:\/\/www.google.com\/url?q=https:\/\/lt.mydplr.com\/88fb5262978e292aa628aec2396209fe-81868bec073b3970fa62af291f12b42d&amp;source=gmail&amp;ust=1625589460718000&amp;usg=AFQjCNF6Qv58Syzne5flwftXfX6F-5B7Yw\">aqu\u00ed<\/a><br \/>\n20 hs. Concierto.\u00a0<a href=\"https:\/\/lt.mydplr.com\/3a0be40426a6afb7b18a449bbc6dc5e4-81868bec073b3970fa62af291f12b42d\" target=\"_blank\" rel=\"noopener\" data-saferedirecturl=\"https:\/\/www.google.com\/url?q=https:\/\/lt.mydplr.com\/3a0be40426a6afb7b18a449bbc6dc5e4-81868bec073b3970fa62af291f12b42d&amp;source=gmail&amp;ust=1625589460718000&amp;usg=AFQjCNHvVM2RlM3HcHJ4JhOWfBPyrh1OYg\">aqu\u00ed<\/a><\/p>\n","protected":false},"excerpt":{"rendered":"<p>Considerado um dos mais destacados int\u00e9rpretes de instrumentos hist\u00f3ricos de cordas dedilhadas em todo o mundo, formou-se como Professor de Viol\u00e3o S\u00eanior, graduando-se no Conservat\u00f3rio Provincial de M\u00fasica Juan Jos\u00e9 Castro. Teve como professores L. Wagner, G. Pomponio, V. Villadangos, E. Eg\u00fcez, D. Costoyas e Hopkinson Smith. Ele tamb\u00e9m \u00e9 formado em Sociologia pela Universidade [&hellip;]<\/p>\n","protected":false},"author":1,"featured_media":7789,"comment_status":"closed","ping_status":"closed","sticky":false,"template":"","format":"standard","meta":{"footnotes":""},"categories":[218],"tags":[],"class_list":["post-7791","post","type-post","status-publish","format-standard","has-post-thumbnail","hentry","category-noticias-generales-pt"],"lang":"pt","translations":{"pt":7791,"es":7788},"pll_sync_post":[],"post_mailing_queue_ids":[],"_links":{"self":[{"href":"http:\/\/staging.ibermusicas.org\/index.php\/wp-json\/wp\/v2\/posts\/7791","targetHints":{"allow":["GET"]}}],"collection":[{"href":"http:\/\/staging.ibermusicas.org\/index.php\/wp-json\/wp\/v2\/posts"}],"about":[{"href":"http:\/\/staging.ibermusicas.org\/index.php\/wp-json\/wp\/v2\/types\/post"}],"author":[{"embeddable":true,"href":"http:\/\/staging.ibermusicas.org\/index.php\/wp-json\/wp\/v2\/users\/1"}],"replies":[{"embeddable":true,"href":"http:\/\/staging.ibermusicas.org\/index.php\/wp-json\/wp\/v2\/comments?post=7791"}],"version-history":[{"count":1,"href":"http:\/\/staging.ibermusicas.org\/index.php\/wp-json\/wp\/v2\/posts\/7791\/revisions"}],"predecessor-version":[{"id":7792,"href":"http:\/\/staging.ibermusicas.org\/index.php\/wp-json\/wp\/v2\/posts\/7791\/revisions\/7792"}],"wp:featuredmedia":[{"embeddable":true,"href":"http:\/\/staging.ibermusicas.org\/index.php\/wp-json\/wp\/v2\/media\/7789"}],"wp:attachment":[{"href":"http:\/\/staging.ibermusicas.org\/index.php\/wp-json\/wp\/v2\/media?parent=7791"}],"wp:term":[{"taxonomy":"category","embeddable":true,"href":"http:\/\/staging.ibermusicas.org\/index.php\/wp-json\/wp\/v2\/categories?post=7791"},{"taxonomy":"post_tag","embeddable":true,"href":"http:\/\/staging.ibermusicas.org\/index.php\/wp-json\/wp\/v2\/tags?post=7791"}],"curies":[{"name":"wp","href":"https:\/\/api.w.org\/{rel}","templated":true}]}}