{"id":7793,"date":"2021-07-05T19:04:33","date_gmt":"2021-07-05T19:04:33","guid":{"rendered":"http:\/\/staging.ibermusicas.org\/?p=7793"},"modified":"2021-08-02T18:36:20","modified_gmt":"2021-08-02T18:36:20","slug":"la-maestra-ana-paula-segurola-de-argentina-inicio-su-ciclo-de-conciertos-y-clases-maestras-con-una-presentacion-virtual-en-la-vi-serie-de-musica-antiga-de-goias-brasil","status":"publish","type":"post","link":"http:\/\/staging.ibermusicas.org\/index.php\/la-maestra-ana-paula-segurola-de-argentina-inicio-su-ciclo-de-conciertos-y-clases-maestras-con-una-presentacion-virtual-en-la-vi-serie-de-musica-antiga-de-goias-brasil\/","title":{"rendered":"La maestra Ana Paula Segurola de Argentina inici\u00f3 su ciclo de conciertos y clases maestras con una presentaci\u00f3n virtual en la VI S\u00e9rie de M\u00fasica Antiga de Goi\u00e1s, Brasil"},"content":{"rendered":"<p>Con un concierto-conferencia sobre M\u00fasica barroca espa\u00f1ola para tecla, la organista, clavecinista y fortepianista Ana Paula Segurola dio inici\u00f3 a un ciclo de actividades virtuales.<\/p>\n<p>Ana Paula Segurola es concertista y docente licenciada en \u00d3rgano en la Facultad de Artes de la Universidad de la Rep\u00fablica, Uruguay y licenciada en Clave en la Universidad Nacional de las Artes, Buenos Aires, Argentina.<\/p>\n<p>Ha asistido a master-classes con destacados especialistas en m\u00fasica renacentista y barroca. Ex-becaria de la Fundaci\u00f3n Mercedes Olivera y del Centro Cultural de M\u00fasica (Uruguay), y de la Acad\u00e9mie musicale de Villecroze (Francia), se ha perfeccionado en Francia con Ilton Wjuniski e Huguette Dreyfus.<\/p>\n<p>Adem\u00e1s de su actividad como solista, ha participado en la producci\u00f3n de \u00f3peras barrocas, ha tocado junto a la Orquesta General San Mart\u00edn dirigida por el Maestro Mario Benzecry, e integra grupos de c\u00e1mara en Uruguay y Argentina. En 2010 y 2012 ha realizado giras por Suiza, Alemania, Inglaterra y Finlandia, con el auspicio de la Canciller\u00eda Argentina. Se ha presentado en conciertos y en festivales internacionales en Am\u00e9rica y Europa. Ha presentado numerosas obras del patrimonio musical latinoamericano en primera audici\u00f3n.<\/p>\n<p>Del trabajo conjunto con Gabriel Schebor (la\u00fades y guitarras) naci\u00f3 el CD \u00abPour ung plaisir\u00bb, adem\u00e1s de la colaboraci\u00f3n en los CD \u00abDar Luz\u00bb, \u00abSpanische Volkslieder\u00bb (de la serie \u00abRaras partituras\u00bb producida por la Biblioteca Nacional Argentina), y varios registros fonogr\u00e1ficos del Centro Cultural de Espa\u00f1a en Montevideo y del Festival de la Cultura de Potos\u00ed, entre otros.<\/p>\n","protected":false},"excerpt":{"rendered":"<p>Con un concierto-conferencia sobre M\u00fasica barroca espa\u00f1ola para tecla, la organista, clavecinista y fortepianista Ana Paula Segurola dio inici\u00f3 a un ciclo de actividades virtuales. Ana Paula Segurola es concertista y docente licenciada en \u00d3rgano en la Facultad de Artes de la Universidad de la Rep\u00fablica, Uruguay y licenciada en Clave en la Universidad Nacional [&hellip;]<\/p>\n","protected":false},"author":1,"featured_media":7794,"comment_status":"closed","ping_status":"closed","sticky":false,"template":"","format":"standard","meta":{"footnotes":""},"categories":[53],"tags":[],"class_list":["post-7793","post","type-post","status-publish","format-standard","has-post-thumbnail","hentry","category-noticias-generales"],"lang":"es","translations":{"es":7793,"pt":7796},"pll_sync_post":[],"post_mailing_queue_ids":[],"_links":{"self":[{"href":"http:\/\/staging.ibermusicas.org\/index.php\/wp-json\/wp\/v2\/posts\/7793","targetHints":{"allow":["GET"]}}],"collection":[{"href":"http:\/\/staging.ibermusicas.org\/index.php\/wp-json\/wp\/v2\/posts"}],"about":[{"href":"http:\/\/staging.ibermusicas.org\/index.php\/wp-json\/wp\/v2\/types\/post"}],"author":[{"embeddable":true,"href":"http:\/\/staging.ibermusicas.org\/index.php\/wp-json\/wp\/v2\/users\/1"}],"replies":[{"embeddable":true,"href":"http:\/\/staging.ibermusicas.org\/index.php\/wp-json\/wp\/v2\/comments?post=7793"}],"version-history":[{"count":1,"href":"http:\/\/staging.ibermusicas.org\/index.php\/wp-json\/wp\/v2\/posts\/7793\/revisions"}],"predecessor-version":[{"id":7795,"href":"http:\/\/staging.ibermusicas.org\/index.php\/wp-json\/wp\/v2\/posts\/7793\/revisions\/7795"}],"wp:featuredmedia":[{"embeddable":true,"href":"http:\/\/staging.ibermusicas.org\/index.php\/wp-json\/wp\/v2\/media\/7794"}],"wp:attachment":[{"href":"http:\/\/staging.ibermusicas.org\/index.php\/wp-json\/wp\/v2\/media?parent=7793"}],"wp:term":[{"taxonomy":"category","embeddable":true,"href":"http:\/\/staging.ibermusicas.org\/index.php\/wp-json\/wp\/v2\/categories?post=7793"},{"taxonomy":"post_tag","embeddable":true,"href":"http:\/\/staging.ibermusicas.org\/index.php\/wp-json\/wp\/v2\/tags?post=7793"}],"curies":[{"name":"wp","href":"https:\/\/api.w.org\/{rel}","templated":true}]}}