{"id":7808,"date":"2021-07-05T19:14:12","date_gmt":"2021-07-05T19:14:12","guid":{"rendered":"http:\/\/staging.ibermusicas.org\/?p=7808"},"modified":"2021-08-02T18:36:10","modified_gmt":"2021-08-02T18:36:10","slug":"ya-se-encuentra-descargable-la-app-nuevas-ondas-radiales-para-la-infancia","status":"publish","type":"post","link":"http:\/\/staging.ibermusicas.org\/index.php\/ya-se-encuentra-descargable-la-app-nuevas-ondas-radiales-para-la-infancia\/","title":{"rendered":"Ya se encuentra descargable la app \u201cNuevas Ondas Radiales para la Infancia\u201d"},"content":{"rendered":"<p>Con una presentaci\u00f3n musical a cargo del grupo Serelepe de Brasil se realiz\u00f3 el lanzamiento de la app \u201cNuevas Ondas Radiales para la Infancia\u201d destinada a poder escuchar los programas dedicados a los ni\u00f1os y ni\u00f1as de Latinoam\u00e9rica y el Caribe, accediendo as\u00ed a las maravillosas canciones de los miembros del MOCILyC (Movimiento Canci\u00f3n Infantil Latinoamericana y Caribe\u00f1a).<\/p>\n","protected":false},"excerpt":{"rendered":"<p>Con una presentaci\u00f3n musical a cargo del grupo Serelepe de Brasil se realiz\u00f3 el lanzamiento de la app \u201cNuevas Ondas Radiales para la Infancia\u201d destinada a poder escuchar los programas dedicados a los ni\u00f1os y ni\u00f1as de Latinoam\u00e9rica y el Caribe, accediendo as\u00ed a las maravillosas canciones de los miembros del MOCILyC (Movimiento Canci\u00f3n Infantil [&hellip;]<\/p>\n","protected":false},"author":1,"featured_media":7809,"comment_status":"closed","ping_status":"closed","sticky":false,"template":"","format":"standard","meta":{"footnotes":""},"categories":[53],"tags":[],"class_list":["post-7808","post","type-post","status-publish","format-standard","has-post-thumbnail","hentry","category-noticias-generales"],"lang":"es","translations":{"es":7808,"pt":7811},"pll_sync_post":[],"post_mailing_queue_ids":[],"_links":{"self":[{"href":"http:\/\/staging.ibermusicas.org\/index.php\/wp-json\/wp\/v2\/posts\/7808","targetHints":{"allow":["GET"]}}],"collection":[{"href":"http:\/\/staging.ibermusicas.org\/index.php\/wp-json\/wp\/v2\/posts"}],"about":[{"href":"http:\/\/staging.ibermusicas.org\/index.php\/wp-json\/wp\/v2\/types\/post"}],"author":[{"embeddable":true,"href":"http:\/\/staging.ibermusicas.org\/index.php\/wp-json\/wp\/v2\/users\/1"}],"replies":[{"embeddable":true,"href":"http:\/\/staging.ibermusicas.org\/index.php\/wp-json\/wp\/v2\/comments?post=7808"}],"version-history":[{"count":1,"href":"http:\/\/staging.ibermusicas.org\/index.php\/wp-json\/wp\/v2\/posts\/7808\/revisions"}],"predecessor-version":[{"id":7810,"href":"http:\/\/staging.ibermusicas.org\/index.php\/wp-json\/wp\/v2\/posts\/7808\/revisions\/7810"}],"wp:featuredmedia":[{"embeddable":true,"href":"http:\/\/staging.ibermusicas.org\/index.php\/wp-json\/wp\/v2\/media\/7809"}],"wp:attachment":[{"href":"http:\/\/staging.ibermusicas.org\/index.php\/wp-json\/wp\/v2\/media?parent=7808"}],"wp:term":[{"taxonomy":"category","embeddable":true,"href":"http:\/\/staging.ibermusicas.org\/index.php\/wp-json\/wp\/v2\/categories?post=7808"},{"taxonomy":"post_tag","embeddable":true,"href":"http:\/\/staging.ibermusicas.org\/index.php\/wp-json\/wp\/v2\/tags?post=7808"}],"curies":[{"name":"wp","href":"https:\/\/api.w.org\/{rel}","templated":true}]}}