{"id":7811,"date":"2021-07-05T19:15:58","date_gmt":"2021-07-05T19:15:58","guid":{"rendered":"http:\/\/staging.ibermusicas.org\/?p=7811"},"modified":"2021-08-02T18:38:14","modified_gmt":"2021-08-02T18:38:14","slug":"ja-esta-disponivel-o-aplicativo-novas-ondas-de-radio-para-a-infancia","status":"publish","type":"post","link":"http:\/\/staging.ibermusicas.org\/index.php\/ja-esta-disponivel-o-aplicativo-novas-ondas-de-radio-para-a-infancia\/","title":{"rendered":"J\u00e1 est\u00e1 dispon\u00edvel o aplicativo \u00abNovas Ondas de R\u00e1dio para a Inf\u00e2ncia \u00ab"},"content":{"rendered":"<p>Com uma apresenta\u00e7\u00e3o musical a cargo do grupo Serelepe do Brasil realizou-se o lan\u00e7amento da app \u00abNovas Ondas Radiais para a Inf\u00e2ncia\u00bb destinada a poder escutar os programas dedicados \u00e0s crian\u00e7as da Am\u00e9rica Latina e do Caribe, acedendo assim \u00e0s maravilhosas can\u00e7\u00f5es dos membros do MOCILyC (Movimento Can\u00e7\u00e3o Infantil Latino-Americana e Caribenha).<\/p>\n","protected":false},"excerpt":{"rendered":"<p>Com uma apresenta\u00e7\u00e3o musical a cargo do grupo Serelepe do Brasil realizou-se o lan\u00e7amento da app \u00abNovas Ondas Radiais para a Inf\u00e2ncia\u00bb destinada a poder escutar os programas dedicados \u00e0s crian\u00e7as da Am\u00e9rica Latina e do Caribe, acedendo assim \u00e0s maravilhosas can\u00e7\u00f5es dos membros do MOCILyC (Movimento Can\u00e7\u00e3o Infantil Latino-Americana e Caribenha).<\/p>\n","protected":false},"author":1,"featured_media":7809,"comment_status":"closed","ping_status":"closed","sticky":false,"template":"","format":"standard","meta":{"footnotes":""},"categories":[218],"tags":[],"class_list":["post-7811","post","type-post","status-publish","format-standard","has-post-thumbnail","hentry","category-noticias-generales-pt"],"lang":"pt","translations":{"pt":7811,"es":7808},"pll_sync_post":[],"post_mailing_queue_ids":[],"_links":{"self":[{"href":"http:\/\/staging.ibermusicas.org\/index.php\/wp-json\/wp\/v2\/posts\/7811","targetHints":{"allow":["GET"]}}],"collection":[{"href":"http:\/\/staging.ibermusicas.org\/index.php\/wp-json\/wp\/v2\/posts"}],"about":[{"href":"http:\/\/staging.ibermusicas.org\/index.php\/wp-json\/wp\/v2\/types\/post"}],"author":[{"embeddable":true,"href":"http:\/\/staging.ibermusicas.org\/index.php\/wp-json\/wp\/v2\/users\/1"}],"replies":[{"embeddable":true,"href":"http:\/\/staging.ibermusicas.org\/index.php\/wp-json\/wp\/v2\/comments?post=7811"}],"version-history":[{"count":1,"href":"http:\/\/staging.ibermusicas.org\/index.php\/wp-json\/wp\/v2\/posts\/7811\/revisions"}],"predecessor-version":[{"id":7812,"href":"http:\/\/staging.ibermusicas.org\/index.php\/wp-json\/wp\/v2\/posts\/7811\/revisions\/7812"}],"wp:featuredmedia":[{"embeddable":true,"href":"http:\/\/staging.ibermusicas.org\/index.php\/wp-json\/wp\/v2\/media\/7809"}],"wp:attachment":[{"href":"http:\/\/staging.ibermusicas.org\/index.php\/wp-json\/wp\/v2\/media?parent=7811"}],"wp:term":[{"taxonomy":"category","embeddable":true,"href":"http:\/\/staging.ibermusicas.org\/index.php\/wp-json\/wp\/v2\/categories?post=7811"},{"taxonomy":"post_tag","embeddable":true,"href":"http:\/\/staging.ibermusicas.org\/index.php\/wp-json\/wp\/v2\/tags?post=7811"}],"curies":[{"name":"wp","href":"https:\/\/api.w.org\/{rel}","templated":true}]}}