{"id":7823,"date":"2021-07-05T19:25:16","date_gmt":"2021-07-05T19:25:16","guid":{"rendered":"http:\/\/staging.ibermusicas.org\/?p=7823"},"modified":"2021-08-02T18:35:58","modified_gmt":"2021-08-02T18:35:58","slug":"desde-chile-llega-un-nuevo-encuentro-de-arrullos-de-infancia-y-juegos-ritmicos-de-latinoamerica-este-encuentro-tendra-por-eje-tematico-la-chacarera-genero-mestizo-de-clave-african","status":"publish","type":"post","link":"http:\/\/staging.ibermusicas.org\/index.php\/desde-chile-llega-un-nuevo-encuentro-de-arrullos-de-infancia-y-juegos-ritmicos-de-latinoamerica-este-encuentro-tendra-por-eje-tematico-la-chacarera-genero-mestizo-de-clave-african\/","title":{"rendered":"Desde Chile llega un nuevo encuentro de \u201cArrullos de infancia y juegos r\u00edtmicos de Latinoam\u00e9rica\u201d. Este encuentro tendr\u00e1 por eje tem\u00e1tico: la chacarera, g\u00e9nero mestizo de clave africana, que se nutre de las vivencias, el \u00e1rbol, el r\u00edo y el tambor"},"content":{"rendered":"<p>Con canciones tradicionales y versos de la oralidad, juegos r\u00edtmicos y percusi\u00f3n latinoamericana, historia y antropolog\u00eda musical, Hemiola M\u00fasicas, El Taller de Bater\u00eda y Percusi\u00f3n Latinoam\u00e9rica nos invita a ser parte de \u201cArrullos de infancia y juegos r\u00edtmicos de Latinoam\u00e9rica\u201d, diez encuentros en torno a canciones de cuna, versos y ritmos de la tradici\u00f3n oral, especialmente seleccionados para la ocasi\u00f3n.<\/p>\n<p>El taller nos invita a vivenciar una selecci\u00f3n especial de canciones y versos en claves de ritmos latinoamericanos, destinadas a ser recibidas a modo de \u201carrullo\u201d de infancia, donde el trenzado de canto, la melod\u00eda y el ritmo propio de cada canci\u00f3n se vuelve soporte de cobijo, (auto) cuidado y seguridad tanto para sus destinatarios (ni\u00f1os) como para sus int\u00e9rpretes.<\/p>\n<p>Los Talleres se realizar\u00e1n a trav\u00e9s de la Plataforma Zoom y tendr\u00e1n una duraci\u00f3n aproximada de dos horas. Se tratar\u00e1 de diez encuentros en total comprendidos entre los meses de abril a diciembre con un cierre final. Cupos limitados.<\/p>\n<p>Inscripciones y Programa:\u00a0<a href=\"mailto:hemiolamusicas@gmail.com\" target=\"_blank\" rel=\"noopener\">hemiolamusicas@gmail.com<\/a><br \/>\nInstagram: @hemiola.musicas @<a href=\"http:\/\/tallerdebateria.la\/\" target=\"_blank\" rel=\"noopener\" data-saferedirecturl=\"https:\/\/www.google.com\/url?q=http:\/\/tallerdebateria.la&amp;source=gmail&amp;ust=1625589460719000&amp;usg=AFQjCNEwhul0sD-kquWJlPdivfdSOjt0tg\">tallerdebateria.la<\/a><br \/>\n<a href=\"https:\/\/lt.mydplr.com\/e5975c0f6057b8e825a02be37ccbe6d9-81868bec073b3970fa62af291f12b42d\" target=\"_blank\" rel=\"noopener\" data-saferedirecturl=\"https:\/\/www.google.com\/url?q=https:\/\/lt.mydplr.com\/e5975c0f6057b8e825a02be37ccbe6d9-81868bec073b3970fa62af291f12b42d&amp;source=gmail&amp;ust=1625589460719000&amp;usg=AFQjCNEcUDbadWN3KtVxB-rM25z_AN2Ltg\">Facebook.<\/a>\u00a0S\u00e1bado 24 de julio de 10 a 12 hs. (horario de Chile)<\/p>\n","protected":false},"excerpt":{"rendered":"<p>Con canciones tradicionales y versos de la oralidad, juegos r\u00edtmicos y percusi\u00f3n latinoamericana, historia y antropolog\u00eda musical, Hemiola M\u00fasicas, El Taller de Bater\u00eda y Percusi\u00f3n Latinoam\u00e9rica nos invita a ser parte de \u201cArrullos de infancia y juegos r\u00edtmicos de Latinoam\u00e9rica\u201d, diez encuentros en torno a canciones de cuna, versos y ritmos de la tradici\u00f3n oral, [&hellip;]<\/p>\n","protected":false},"author":1,"featured_media":7824,"comment_status":"closed","ping_status":"closed","sticky":false,"template":"","format":"standard","meta":{"footnotes":""},"categories":[53],"tags":[],"class_list":["post-7823","post","type-post","status-publish","format-standard","has-post-thumbnail","hentry","category-noticias-generales"],"lang":"es","translations":{"es":7823,"pt":7826},"pll_sync_post":[],"post_mailing_queue_ids":[],"_links":{"self":[{"href":"http:\/\/staging.ibermusicas.org\/index.php\/wp-json\/wp\/v2\/posts\/7823","targetHints":{"allow":["GET"]}}],"collection":[{"href":"http:\/\/staging.ibermusicas.org\/index.php\/wp-json\/wp\/v2\/posts"}],"about":[{"href":"http:\/\/staging.ibermusicas.org\/index.php\/wp-json\/wp\/v2\/types\/post"}],"author":[{"embeddable":true,"href":"http:\/\/staging.ibermusicas.org\/index.php\/wp-json\/wp\/v2\/users\/1"}],"replies":[{"embeddable":true,"href":"http:\/\/staging.ibermusicas.org\/index.php\/wp-json\/wp\/v2\/comments?post=7823"}],"version-history":[{"count":1,"href":"http:\/\/staging.ibermusicas.org\/index.php\/wp-json\/wp\/v2\/posts\/7823\/revisions"}],"predecessor-version":[{"id":7825,"href":"http:\/\/staging.ibermusicas.org\/index.php\/wp-json\/wp\/v2\/posts\/7823\/revisions\/7825"}],"wp:featuredmedia":[{"embeddable":true,"href":"http:\/\/staging.ibermusicas.org\/index.php\/wp-json\/wp\/v2\/media\/7824"}],"wp:attachment":[{"href":"http:\/\/staging.ibermusicas.org\/index.php\/wp-json\/wp\/v2\/media?parent=7823"}],"wp:term":[{"taxonomy":"category","embeddable":true,"href":"http:\/\/staging.ibermusicas.org\/index.php\/wp-json\/wp\/v2\/categories?post=7823"},{"taxonomy":"post_tag","embeddable":true,"href":"http:\/\/staging.ibermusicas.org\/index.php\/wp-json\/wp\/v2\/tags?post=7823"}],"curies":[{"name":"wp","href":"https:\/\/api.w.org\/{rel}","templated":true}]}}