{"id":7826,"date":"2021-07-05T19:28:43","date_gmt":"2021-07-05T19:28:43","guid":{"rendered":"http:\/\/staging.ibermusicas.org\/?p=7826"},"modified":"2021-08-02T18:38:07","modified_gmt":"2021-08-02T18:38:07","slug":"do-chile-chega-um-novo-encontro-de-cancoes-de-ninar-e-jogos-ritmicos-da-infancia-da-america-latina-este-encontro-tera-como-eixo-tematico-a-chacarera-genero-mestico-de-tom-africano-que-se-alime","status":"publish","type":"post","link":"http:\/\/staging.ibermusicas.org\/index.php\/do-chile-chega-um-novo-encontro-de-cancoes-de-ninar-e-jogos-ritmicos-da-infancia-da-america-latina-este-encontro-tera-como-eixo-tematico-a-chacarera-genero-mestico-de-tom-africano-que-se-alime\/","title":{"rendered":"Do Chile chega um novo encontro de \u00abCan\u00e7\u00f5es de ninar e jogos r\u00edtmicos da inf\u00e2ncia da Am\u00e9rica Latina\u00bb. Este encontro ter\u00e1 como eixo tem\u00e1tico: a chacarera, g\u00eanero mesti\u00e7o de tom africano, que se alimenta de viv\u00eancias, a \u00e1rvore, o rio e o tambor"},"content":{"rendered":"<p>Com can\u00e7\u00f5es tradicionais e versos de oralidade, jogos r\u00edtmicos e percuss\u00e3o latino-americana, hist\u00f3ria e antropologia musical, Hemiola M\u00fasicas, Oficinas de Bateria e percuss\u00e3o nos convida a fazer parte das \u00abCan\u00e7\u00f5es de ninar e jogos r\u00edtmicos da inf\u00e2ncia da Am\u00e9rica Latina\u00bb, dez encontros em torno de can\u00e7\u00f5es de ninar, versos e ritmos da tradi\u00e7\u00e3o oral, especialmente selecionados para a ocasi\u00e3o.<\/p>\n<p>A oficina nos convida a vivenciar uma sele\u00e7\u00e3o especial de can\u00e7\u00f5es e versos em tons de ritmos latino-americanos, destinadas a serem recebidas como uma \u201ccan\u00e7\u00e3o de ninar\u201d infantil, onde a can\u00e7\u00e3o tran\u00e7ada, melodia e ritmo de cada can\u00e7\u00e3o tornam-se suporte de abrigo, (auto) cuidado e seguran\u00e7a tanto para seus destinat\u00e1rios (crian\u00e7as) como para seus int\u00e9rpretes.<\/p>\n<p>As oficinas ser\u00e3o realizadas por meio da Plataforma Zoom e ter\u00e3o dura\u00e7\u00e3o aproximada de duas horas. Haver\u00e1 dez reuni\u00f5es no total entre os meses de abril a dezembro, com um encerramento final. Lugares limitados.<\/p>\n<p>Registro e programa:\u00a0<a href=\"mailto:hemiolamusicas@gmail.com\" target=\"_blank\" rel=\"noopener\">hemiolamusicas@gmail.com<\/a><br \/>\nInstagram: @hemiola.musicas @<a href=\"http:\/\/tallerdebateria.la\/\" target=\"_blank\" rel=\"noopener\" data-saferedirecturl=\"https:\/\/www.google.com\/url?q=http:\/\/tallerdebateria.la&amp;source=gmail&amp;ust=1625589460719000&amp;usg=AFQjCNEwhul0sD-kquWJlPdivfdSOjt0tg\">tallerdebateria.la<\/a><br \/>\n<a href=\"https:\/\/lt.mydplr.com\/e5975c0f6057b8e825a02be37ccbe6d9-81868bec073b3970fa62af291f12b42d\" target=\"_blank\" rel=\"noopener\" data-saferedirecturl=\"https:\/\/www.google.com\/url?q=https:\/\/lt.mydplr.com\/e5975c0f6057b8e825a02be37ccbe6d9-81868bec073b3970fa62af291f12b42d&amp;source=gmail&amp;ust=1625589460719000&amp;usg=AFQjCNEcUDbadWN3KtVxB-rM25z_AN2Ltg\">Facebook.<\/a>\u00a0S\u00e1bado, 24 de julho, das 10 \u00e0s 12 hs. (Hora do Chile)<\/p>\n","protected":false},"excerpt":{"rendered":"<p>Com can\u00e7\u00f5es tradicionais e versos de oralidade, jogos r\u00edtmicos e percuss\u00e3o latino-americana, hist\u00f3ria e antropologia musical, Hemiola M\u00fasicas, Oficinas de Bateria e percuss\u00e3o nos convida a fazer parte das \u00abCan\u00e7\u00f5es de ninar e jogos r\u00edtmicos da inf\u00e2ncia da Am\u00e9rica Latina\u00bb, dez encontros em torno de can\u00e7\u00f5es de ninar, versos e ritmos da tradi\u00e7\u00e3o oral, especialmente [&hellip;]<\/p>\n","protected":false},"author":1,"featured_media":7824,"comment_status":"closed","ping_status":"closed","sticky":false,"template":"","format":"standard","meta":{"footnotes":""},"categories":[218],"tags":[],"class_list":["post-7826","post","type-post","status-publish","format-standard","has-post-thumbnail","hentry","category-noticias-generales-pt"],"lang":"pt","translations":{"pt":7826,"es":7823},"pll_sync_post":[],"post_mailing_queue_ids":[],"_links":{"self":[{"href":"http:\/\/staging.ibermusicas.org\/index.php\/wp-json\/wp\/v2\/posts\/7826","targetHints":{"allow":["GET"]}}],"collection":[{"href":"http:\/\/staging.ibermusicas.org\/index.php\/wp-json\/wp\/v2\/posts"}],"about":[{"href":"http:\/\/staging.ibermusicas.org\/index.php\/wp-json\/wp\/v2\/types\/post"}],"author":[{"embeddable":true,"href":"http:\/\/staging.ibermusicas.org\/index.php\/wp-json\/wp\/v2\/users\/1"}],"replies":[{"embeddable":true,"href":"http:\/\/staging.ibermusicas.org\/index.php\/wp-json\/wp\/v2\/comments?post=7826"}],"version-history":[{"count":1,"href":"http:\/\/staging.ibermusicas.org\/index.php\/wp-json\/wp\/v2\/posts\/7826\/revisions"}],"predecessor-version":[{"id":7827,"href":"http:\/\/staging.ibermusicas.org\/index.php\/wp-json\/wp\/v2\/posts\/7826\/revisions\/7827"}],"wp:featuredmedia":[{"embeddable":true,"href":"http:\/\/staging.ibermusicas.org\/index.php\/wp-json\/wp\/v2\/media\/7824"}],"wp:attachment":[{"href":"http:\/\/staging.ibermusicas.org\/index.php\/wp-json\/wp\/v2\/media?parent=7826"}],"wp:term":[{"taxonomy":"category","embeddable":true,"href":"http:\/\/staging.ibermusicas.org\/index.php\/wp-json\/wp\/v2\/categories?post=7826"},{"taxonomy":"post_tag","embeddable":true,"href":"http:\/\/staging.ibermusicas.org\/index.php\/wp-json\/wp\/v2\/tags?post=7826"}],"curies":[{"name":"wp","href":"https:\/\/api.w.org\/{rel}","templated":true}]}}