{"id":7848,"date":"2019-01-01T10:15:19","date_gmt":"2019-01-01T10:15:19","guid":{"rendered":"http:\/\/staging.ibermusicas.org\/?p=7848"},"modified":"2021-07-06T10:16:41","modified_gmt":"2021-07-06T10:16:41","slug":"ampersan-la-banda-oriunda-de-guadalajara-jalisco-mexico-se-presentara-durante-enero-en-festivales-de-uruguay-y-argentina","status":"publish","type":"post","link":"http:\/\/staging.ibermusicas.org\/index.php\/ampersan-la-banda-oriunda-de-guadalajara-jalisco-mexico-se-presentara-durante-enero-en-festivales-de-uruguay-y-argentina\/","title":{"rendered":"Ampersan, la banda oriunda de Guadalajara, Jalisco, M\u00e9xico se presentar\u00e1 durante enero en festivales de Uruguay y Argentina"},"content":{"rendered":"<p><span data-sheets-value=\"{&quot;1&quot;:2,&quot;2&quot;:&quot;Ampersan, la banda cuyo sello es la fusi\u00f3n de sonidos electr\u00f3nicos con las ra\u00edces del son y la m\u00fasica tradicional mexicana, es una agrupaci\u00f3n integrada por Kevin Garc\u00eda y Zindu Cano, quienes componen temas originales y musicalizan poemas de la literatura hispanoamericana de escritores tan diversos como Nezahualc\u00f3yotl, Orlando Guill\u00e9n y Leonel Rugama.\\r \\r &quot;}\" data-sheets-userformat=\"{&quot;2&quot;:513,&quot;3&quot;:{&quot;1&quot;:0},&quot;12&quot;:0}\">Ampersan, la banda cuyo sello es la fusi\u00f3n de sonidos electr\u00f3nicos con las ra\u00edces del son y la m\u00fasica tradicional mexicana, es una agrupaci\u00f3n integrada por Kevin Garc\u00eda y Zindu Cano, quienes componen temas originales y musicalizan poemas de la literatura hispanoamericana de escritores tan diversos como Nezahualc\u00f3yotl, Orlando Guill\u00e9n y Leonel Rugama. <\/span><\/p>\n","protected":false},"excerpt":{"rendered":"<p>Ampersan, la banda cuyo sello es la fusi\u00f3n de sonidos electr\u00f3nicos con las ra\u00edces del son y la m\u00fasica tradicional mexicana, es una agrupaci\u00f3n integrada por Kevin Garc\u00eda y Zindu Cano, quienes componen temas originales y musicalizan poemas de la literatura hispanoamericana de escritores tan diversos como Nezahualc\u00f3yotl, Orlando Guill\u00e9n y Leonel Rugama.<\/p>\n","protected":false},"author":1,"featured_media":7849,"comment_status":"closed","ping_status":"closed","sticky":false,"template":"","format":"standard","meta":{"footnotes":""},"categories":[53],"tags":[],"class_list":["post-7848","post","type-post","status-publish","format-standard","has-post-thumbnail","hentry","category-noticias-generales"],"lang":"es","translations":{"es":7848},"pll_sync_post":[],"post_mailing_queue_ids":[],"_links":{"self":[{"href":"http:\/\/staging.ibermusicas.org\/index.php\/wp-json\/wp\/v2\/posts\/7848","targetHints":{"allow":["GET"]}}],"collection":[{"href":"http:\/\/staging.ibermusicas.org\/index.php\/wp-json\/wp\/v2\/posts"}],"about":[{"href":"http:\/\/staging.ibermusicas.org\/index.php\/wp-json\/wp\/v2\/types\/post"}],"author":[{"embeddable":true,"href":"http:\/\/staging.ibermusicas.org\/index.php\/wp-json\/wp\/v2\/users\/1"}],"replies":[{"embeddable":true,"href":"http:\/\/staging.ibermusicas.org\/index.php\/wp-json\/wp\/v2\/comments?post=7848"}],"version-history":[{"count":1,"href":"http:\/\/staging.ibermusicas.org\/index.php\/wp-json\/wp\/v2\/posts\/7848\/revisions"}],"predecessor-version":[{"id":7850,"href":"http:\/\/staging.ibermusicas.org\/index.php\/wp-json\/wp\/v2\/posts\/7848\/revisions\/7850"}],"wp:featuredmedia":[{"embeddable":true,"href":"http:\/\/staging.ibermusicas.org\/index.php\/wp-json\/wp\/v2\/media\/7849"}],"wp:attachment":[{"href":"http:\/\/staging.ibermusicas.org\/index.php\/wp-json\/wp\/v2\/media?parent=7848"}],"wp:term":[{"taxonomy":"category","embeddable":true,"href":"http:\/\/staging.ibermusicas.org\/index.php\/wp-json\/wp\/v2\/categories?post=7848"},{"taxonomy":"post_tag","embeddable":true,"href":"http:\/\/staging.ibermusicas.org\/index.php\/wp-json\/wp\/v2\/tags?post=7848"}],"curies":[{"name":"wp","href":"https:\/\/api.w.org\/{rel}","templated":true}]}}