{"id":7851,"date":"2019-01-10T10:18:54","date_gmt":"2019-01-10T10:18:54","guid":{"rendered":"http:\/\/staging.ibermusicas.org\/?p=7851"},"modified":"2021-07-06T10:20:01","modified_gmt":"2021-07-06T10:20:01","slug":"en-bariloche-patagonia-argentina-tendra-lugar-la-2da-edicion-del-festival-culturica-que-contara-entre-otros-artistas-con-la-presencia-de-la-cantautora-uruguaya-luciana-mocchi","status":"publish","type":"post","link":"http:\/\/staging.ibermusicas.org\/index.php\/en-bariloche-patagonia-argentina-tendra-lugar-la-2da-edicion-del-festival-culturica-que-contara-entre-otros-artistas-con-la-presencia-de-la-cantautora-uruguaya-luciana-mocchi\/","title":{"rendered":"En Bariloche, Patagonia Argentina, tendr\u00e1 lugar la 2da edici\u00f3n del Festival Culturica que contar\u00e1, entre otros artistas, con la presencia de la cantautora uruguaya Luciana Mocchi"},"content":{"rendered":"<p><span data-sheets-value=\"{&quot;1&quot;:2,&quot;2&quot;:&quot;Llega la segunda edici\u00f3n del festival independiente de la Patagonia Argentina que re\u00fane a destacados artistas de la escena de Argentina y de otras latitudes de Latinoam\u00e9rica. La variedad art\u00edstica, la diversidad de las propuestas y la consciencia ecofriendly, convierten a este encuentro en una experiencia \u00fanica, novedosa e irrepetible en la regi\u00f3n. &quot;}\" data-sheets-userformat=\"{&quot;2&quot;:513,&quot;3&quot;:{&quot;1&quot;:0},&quot;12&quot;:0}\">Llega la segunda edici\u00f3n del festival independiente de la Patagonia Argentina que re\u00fane a destacados artistas de la escena de Argentina y de otras latitudes de Latinoam\u00e9rica. La variedad art\u00edstica, la diversidad de las propuestas y la consciencia ecofriendly, convierten a este encuentro en una experiencia \u00fanica, novedosa e irrepetible en la regi\u00f3n. <\/span><\/p>\n","protected":false},"excerpt":{"rendered":"<p>Llega la segunda edici\u00f3n del festival independiente de la Patagonia Argentina que re\u00fane a destacados artistas de la escena de Argentina y de otras latitudes de Latinoam\u00e9rica. La variedad art\u00edstica, la diversidad de las propuestas y la consciencia ecofriendly, convierten a este encuentro en una experiencia \u00fanica, novedosa e irrepetible en la regi\u00f3n.<\/p>\n","protected":false},"author":1,"featured_media":7852,"comment_status":"closed","ping_status":"closed","sticky":false,"template":"","format":"standard","meta":{"footnotes":""},"categories":[53],"tags":[],"class_list":["post-7851","post","type-post","status-publish","format-standard","has-post-thumbnail","hentry","category-noticias-generales"],"lang":"es","translations":{"es":7851},"pll_sync_post":[],"post_mailing_queue_ids":[],"_links":{"self":[{"href":"http:\/\/staging.ibermusicas.org\/index.php\/wp-json\/wp\/v2\/posts\/7851","targetHints":{"allow":["GET"]}}],"collection":[{"href":"http:\/\/staging.ibermusicas.org\/index.php\/wp-json\/wp\/v2\/posts"}],"about":[{"href":"http:\/\/staging.ibermusicas.org\/index.php\/wp-json\/wp\/v2\/types\/post"}],"author":[{"embeddable":true,"href":"http:\/\/staging.ibermusicas.org\/index.php\/wp-json\/wp\/v2\/users\/1"}],"replies":[{"embeddable":true,"href":"http:\/\/staging.ibermusicas.org\/index.php\/wp-json\/wp\/v2\/comments?post=7851"}],"version-history":[{"count":1,"href":"http:\/\/staging.ibermusicas.org\/index.php\/wp-json\/wp\/v2\/posts\/7851\/revisions"}],"predecessor-version":[{"id":7853,"href":"http:\/\/staging.ibermusicas.org\/index.php\/wp-json\/wp\/v2\/posts\/7851\/revisions\/7853"}],"wp:featuredmedia":[{"embeddable":true,"href":"http:\/\/staging.ibermusicas.org\/index.php\/wp-json\/wp\/v2\/media\/7852"}],"wp:attachment":[{"href":"http:\/\/staging.ibermusicas.org\/index.php\/wp-json\/wp\/v2\/media?parent=7851"}],"wp:term":[{"taxonomy":"category","embeddable":true,"href":"http:\/\/staging.ibermusicas.org\/index.php\/wp-json\/wp\/v2\/categories?post=7851"},{"taxonomy":"post_tag","embeddable":true,"href":"http:\/\/staging.ibermusicas.org\/index.php\/wp-json\/wp\/v2\/tags?post=7851"}],"curies":[{"name":"wp","href":"https:\/\/api.w.org\/{rel}","templated":true}]}}