{"id":7857,"date":"2019-01-20T10:21:48","date_gmt":"2019-01-20T10:21:48","guid":{"rendered":"http:\/\/staging.ibermusicas.org\/?p=7857"},"modified":"2021-07-06T10:22:58","modified_gmt":"2021-07-06T10:22:58","slug":"el-artista-y-live-coder-argentino-gede-gabriel-vinazza-presentara-un-workshop-en-el-international-conference-on-live-coding-que-se-realizara-en-madrid-espana","status":"publish","type":"post","link":"http:\/\/staging.ibermusicas.org\/index.php\/el-artista-y-live-coder-argentino-gede-gabriel-vinazza-presentara-un-workshop-en-el-international-conference-on-live-coding-que-se-realizara-en-madrid-espana\/","title":{"rendered":"El artista y live coder argentino GEDE (Gabriel Vinazza) presentar\u00e1 un workshop en el International conference on live coding que se realizar\u00e1 en Madrid, Espa\u00f1a"},"content":{"rendered":"<p><span data-sheets-value=\"{&quot;1&quot;:2,&quot;2&quot;:&quot;GEDE compone y programa desde los a\u00f1os dorados del 8-bit. Su formaci\u00f3n es muy ecl\u00e9ctica y cabalga entre la m\u00fasica cl\u00e1sica y la filosof\u00eda. &quot;}\" data-sheets-userformat=\"{&quot;2&quot;:513,&quot;3&quot;:{&quot;1&quot;:0},&quot;12&quot;:0}\">GEDE compone y programa desde los a\u00f1os dorados del 8-bit. Su formaci\u00f3n es muy ecl\u00e9ctica y cabalga entre la m\u00fasica cl\u00e1sica y la filosof\u00eda. <\/span><\/p>\n","protected":false},"excerpt":{"rendered":"<p>GEDE compone y programa desde los a\u00f1os dorados del 8-bit. Su formaci\u00f3n es muy ecl\u00e9ctica y cabalga entre la m\u00fasica cl\u00e1sica y la filosof\u00eda.<\/p>\n","protected":false},"author":1,"featured_media":7858,"comment_status":"closed","ping_status":"closed","sticky":false,"template":"","format":"standard","meta":{"footnotes":""},"categories":[53],"tags":[],"class_list":["post-7857","post","type-post","status-publish","format-standard","has-post-thumbnail","hentry","category-noticias-generales"],"lang":"es","translations":{"es":7857},"pll_sync_post":[],"post_mailing_queue_ids":[],"_links":{"self":[{"href":"http:\/\/staging.ibermusicas.org\/index.php\/wp-json\/wp\/v2\/posts\/7857","targetHints":{"allow":["GET"]}}],"collection":[{"href":"http:\/\/staging.ibermusicas.org\/index.php\/wp-json\/wp\/v2\/posts"}],"about":[{"href":"http:\/\/staging.ibermusicas.org\/index.php\/wp-json\/wp\/v2\/types\/post"}],"author":[{"embeddable":true,"href":"http:\/\/staging.ibermusicas.org\/index.php\/wp-json\/wp\/v2\/users\/1"}],"replies":[{"embeddable":true,"href":"http:\/\/staging.ibermusicas.org\/index.php\/wp-json\/wp\/v2\/comments?post=7857"}],"version-history":[{"count":1,"href":"http:\/\/staging.ibermusicas.org\/index.php\/wp-json\/wp\/v2\/posts\/7857\/revisions"}],"predecessor-version":[{"id":7859,"href":"http:\/\/staging.ibermusicas.org\/index.php\/wp-json\/wp\/v2\/posts\/7857\/revisions\/7859"}],"wp:featuredmedia":[{"embeddable":true,"href":"http:\/\/staging.ibermusicas.org\/index.php\/wp-json\/wp\/v2\/media\/7858"}],"wp:attachment":[{"href":"http:\/\/staging.ibermusicas.org\/index.php\/wp-json\/wp\/v2\/media?parent=7857"}],"wp:term":[{"taxonomy":"category","embeddable":true,"href":"http:\/\/staging.ibermusicas.org\/index.php\/wp-json\/wp\/v2\/categories?post=7857"},{"taxonomy":"post_tag","embeddable":true,"href":"http:\/\/staging.ibermusicas.org\/index.php\/wp-json\/wp\/v2\/tags?post=7857"}],"curies":[{"name":"wp","href":"https:\/\/api.w.org\/{rel}","templated":true}]}}