{"id":7860,"date":"2019-01-05T10:23:20","date_gmt":"2019-01-05T10:23:20","guid":{"rendered":"http:\/\/staging.ibermusicas.org\/?p=7860"},"modified":"2021-07-06T10:25:02","modified_gmt":"2021-07-06T10:25:02","slug":"la-cantautora-chilena-magdalena-mattheys-inicia-una-gira-por-diversos-escenarios-de-cuba","status":"publish","type":"post","link":"http:\/\/staging.ibermusicas.org\/index.php\/la-cantautora-chilena-magdalena-mattheys-inicia-una-gira-por-diversos-escenarios-de-cuba\/","title":{"rendered":"La cantautora chilena Magdalena Mattheys inicia una gira por diversos escenarios de Cuba"},"content":{"rendered":"<p><span data-sheets-value=\"{&quot;1&quot;:2,&quot;2&quot;:&quot;Magdalena Mattheys es una cantautora chilena que ha desarrollado un sello musical cercano a las ra\u00edces de la m\u00fasica tradicional latinoamericana, con especial \u00e9nfasis en el folclore popular de Chile. Es reconocida internacionalmente como una de las mejores voces femeninas dentro del g\u00e9nero de la canci\u00f3n de autor.\\r \\r &quot;}\" data-sheets-userformat=\"{&quot;2&quot;:513,&quot;3&quot;:{&quot;1&quot;:0},&quot;12&quot;:0}\">Magdalena Mattheys es una cantautora chilena que ha desarrollado un sello musical cercano a las ra\u00edces de la m\u00fasica tradicional latinoamericana, con especial \u00e9nfasis en el folclore popular de Chile. Es reconocida internacionalmente como una de las mejores voces femeninas dentro del g\u00e9nero de la canci\u00f3n de autor. <\/span><\/p>\n","protected":false},"excerpt":{"rendered":"<p>Magdalena Mattheys es una cantautora chilena que ha desarrollado un sello musical cercano a las ra\u00edces de la m\u00fasica tradicional latinoamericana, con especial \u00e9nfasis en el folclore popular de Chile. Es reconocida internacionalmente como una de las mejores voces femeninas dentro del g\u00e9nero de la canci\u00f3n de autor.<\/p>\n","protected":false},"author":1,"featured_media":7861,"comment_status":"closed","ping_status":"closed","sticky":false,"template":"","format":"standard","meta":{"footnotes":""},"categories":[53],"tags":[],"class_list":["post-7860","post","type-post","status-publish","format-standard","has-post-thumbnail","hentry","category-noticias-generales"],"lang":"es","translations":{"es":7860},"pll_sync_post":[],"post_mailing_queue_ids":[],"_links":{"self":[{"href":"http:\/\/staging.ibermusicas.org\/index.php\/wp-json\/wp\/v2\/posts\/7860","targetHints":{"allow":["GET"]}}],"collection":[{"href":"http:\/\/staging.ibermusicas.org\/index.php\/wp-json\/wp\/v2\/posts"}],"about":[{"href":"http:\/\/staging.ibermusicas.org\/index.php\/wp-json\/wp\/v2\/types\/post"}],"author":[{"embeddable":true,"href":"http:\/\/staging.ibermusicas.org\/index.php\/wp-json\/wp\/v2\/users\/1"}],"replies":[{"embeddable":true,"href":"http:\/\/staging.ibermusicas.org\/index.php\/wp-json\/wp\/v2\/comments?post=7860"}],"version-history":[{"count":1,"href":"http:\/\/staging.ibermusicas.org\/index.php\/wp-json\/wp\/v2\/posts\/7860\/revisions"}],"predecessor-version":[{"id":7862,"href":"http:\/\/staging.ibermusicas.org\/index.php\/wp-json\/wp\/v2\/posts\/7860\/revisions\/7862"}],"wp:featuredmedia":[{"embeddable":true,"href":"http:\/\/staging.ibermusicas.org\/index.php\/wp-json\/wp\/v2\/media\/7861"}],"wp:attachment":[{"href":"http:\/\/staging.ibermusicas.org\/index.php\/wp-json\/wp\/v2\/media?parent=7860"}],"wp:term":[{"taxonomy":"category","embeddable":true,"href":"http:\/\/staging.ibermusicas.org\/index.php\/wp-json\/wp\/v2\/categories?post=7860"},{"taxonomy":"post_tag","embeddable":true,"href":"http:\/\/staging.ibermusicas.org\/index.php\/wp-json\/wp\/v2\/tags?post=7860"}],"curies":[{"name":"wp","href":"https:\/\/api.w.org\/{rel}","templated":true}]}}