{"id":7873,"date":"2019-01-02T10:29:50","date_gmt":"2019-01-02T10:29:50","guid":{"rendered":"http:\/\/staging.ibermusicas.org\/?p=7873"},"modified":"2021-07-06T10:31:22","modified_gmt":"2021-07-06T10:31:22","slug":"el-trio-de-folclore-argentino-quintero-pilar-segret-lleva-su-propuesta-a-diversos-escenarios-y-festivales-de-cuba","status":"publish","type":"post","link":"http:\/\/staging.ibermusicas.org\/index.php\/el-trio-de-folclore-argentino-quintero-pilar-segret-lleva-su-propuesta-a-diversos-escenarios-y-festivales-de-cuba\/","title":{"rendered":"El tr\u00edo de folclore argentino Quintero-Pilar-Segret, lleva su propuesta a diversos escenarios y festivales de Cuba"},"content":{"rendered":"<p><span data-sheets-value=\"{&quot;1&quot;:2,&quot;2&quot;:&quot;Conformado por Andr\u00e9s Pilar (piano), Santiago Segret (voz, bandone\u00f3n y bombo leg\u00fcero) y Juan Quintero (voz y guitarra), el tr\u00edo nace en el a\u00f1o 2015 en la ciudad de Buenos Aires como un proyecto de estudio que les permitiera a los integrantes recuperar el trabajo de dos tr\u00edos hist\u00f3ricos: el de Mart\u00ednez-Ledesma-Garc\u00eda que dej\u00f3 registros en los a\u00f1os \u201940, y el de Ju\u00e1rez-Quiroga-R\u00edos, que hizo lo propio casi dos d\u00e9cadas despu\u00e9s. &quot;}\" data-sheets-userformat=\"{&quot;2&quot;:513,&quot;3&quot;:{&quot;1&quot;:0},&quot;12&quot;:0}\">Conformado por Andr\u00e9s Pilar (piano), Santiago Segret (voz, bandone\u00f3n y bombo leg\u00fcero) y Juan Quintero (voz y guitarra), el tr\u00edo nace en el a\u00f1o 2015 en la ciudad de Buenos Aires como un proyecto de estudio que les permitiera a los integrantes recuperar el trabajo de dos tr\u00edos hist\u00f3ricos: el de Mart\u00ednez-Ledesma-Garc\u00eda que dej\u00f3 registros en los a\u00f1os \u201940, y el de Ju\u00e1rez-Quiroga-R\u00edos, que hizo lo propio casi dos d\u00e9cadas despu\u00e9s. <\/span><\/p>\n","protected":false},"excerpt":{"rendered":"<p>Conformado por Andr\u00e9s Pilar (piano), Santiago Segret (voz, bandone\u00f3n y bombo leg\u00fcero) y Juan Quintero (voz y guitarra), el tr\u00edo nace en el a\u00f1o 2015 en la ciudad de Buenos Aires como un proyecto de estudio que les permitiera a los integrantes recuperar el trabajo de dos tr\u00edos hist\u00f3ricos: el de Mart\u00ednez-Ledesma-Garc\u00eda que dej\u00f3 registros [&hellip;]<\/p>\n","protected":false},"author":1,"featured_media":7874,"comment_status":"closed","ping_status":"closed","sticky":false,"template":"","format":"standard","meta":{"footnotes":""},"categories":[53],"tags":[],"class_list":["post-7873","post","type-post","status-publish","format-standard","has-post-thumbnail","hentry","category-noticias-generales"],"lang":"es","translations":{"es":7873},"pll_sync_post":[],"post_mailing_queue_ids":[],"_links":{"self":[{"href":"http:\/\/staging.ibermusicas.org\/index.php\/wp-json\/wp\/v2\/posts\/7873","targetHints":{"allow":["GET"]}}],"collection":[{"href":"http:\/\/staging.ibermusicas.org\/index.php\/wp-json\/wp\/v2\/posts"}],"about":[{"href":"http:\/\/staging.ibermusicas.org\/index.php\/wp-json\/wp\/v2\/types\/post"}],"author":[{"embeddable":true,"href":"http:\/\/staging.ibermusicas.org\/index.php\/wp-json\/wp\/v2\/users\/1"}],"replies":[{"embeddable":true,"href":"http:\/\/staging.ibermusicas.org\/index.php\/wp-json\/wp\/v2\/comments?post=7873"}],"version-history":[{"count":2,"href":"http:\/\/staging.ibermusicas.org\/index.php\/wp-json\/wp\/v2\/posts\/7873\/revisions"}],"predecessor-version":[{"id":7876,"href":"http:\/\/staging.ibermusicas.org\/index.php\/wp-json\/wp\/v2\/posts\/7873\/revisions\/7876"}],"wp:featuredmedia":[{"embeddable":true,"href":"http:\/\/staging.ibermusicas.org\/index.php\/wp-json\/wp\/v2\/media\/7874"}],"wp:attachment":[{"href":"http:\/\/staging.ibermusicas.org\/index.php\/wp-json\/wp\/v2\/media?parent=7873"}],"wp:term":[{"taxonomy":"category","embeddable":true,"href":"http:\/\/staging.ibermusicas.org\/index.php\/wp-json\/wp\/v2\/categories?post=7873"},{"taxonomy":"post_tag","embeddable":true,"href":"http:\/\/staging.ibermusicas.org\/index.php\/wp-json\/wp\/v2\/tags?post=7873"}],"curies":[{"name":"wp","href":"https:\/\/api.w.org\/{rel}","templated":true}]}}