{"id":7888,"date":"2019-02-11T10:35:40","date_gmt":"2019-02-11T10:35:40","guid":{"rendered":"http:\/\/staging.ibermusicas.org\/?p=7888"},"modified":"2021-07-06T10:37:40","modified_gmt":"2021-07-06T10:37:40","slug":"desde-la-ciudad-cubana-de-santa-clara-irina-gonzalez-yaima-orozco-y-roly-berrio-viajan-a-uruguay-para-ser-parte-del-festival-medio-y-medio-2019","status":"publish","type":"post","link":"http:\/\/staging.ibermusicas.org\/index.php\/desde-la-ciudad-cubana-de-santa-clara-irina-gonzalez-yaima-orozco-y-roly-berrio-viajan-a-uruguay-para-ser-parte-del-festival-medio-y-medio-2019\/","title":{"rendered":"Desde la ciudad cubana de Santa Clara, Irina Gonz\u00e1lez, Ya\u00edma Orozco y Roly Berr\u00edo viajan a Uruguay para ser parte del Festival Medio y Medio 2019"},"content":{"rendered":"<p><span data-sheets-value=\"{&quot;1&quot;:2,&quot;2&quot;:&quot;Tres artistas de la ciudad de Santa Clara, Cuba, cultores de la nov\u00edsima trova cubana e integrantes del colectivo art\u00edstico La Trovuntivitis, se presentar\u00e1n juntos en Portezuelo, Punta Ballena, Uruguay. &quot;}\" data-sheets-userformat=\"{&quot;2&quot;:513,&quot;3&quot;:{&quot;1&quot;:0},&quot;12&quot;:0}\">Tres artistas de la ciudad de Santa Clara, Cuba, cultores de la nov\u00edsima trova cubana e integrantes del colectivo art\u00edstico La Trovuntivitis, se presentar\u00e1n juntos en Portezuelo, Punta Ballena, Uruguay. <\/span><\/p>\n","protected":false},"excerpt":{"rendered":"<p>Tres artistas de la ciudad de Santa Clara, Cuba, cultores de la nov\u00edsima trova cubana e integrantes del colectivo art\u00edstico La Trovuntivitis, se presentar\u00e1n juntos en Portezuelo, Punta Ballena, Uruguay.<\/p>\n","protected":false},"author":1,"featured_media":7889,"comment_status":"closed","ping_status":"closed","sticky":false,"template":"","format":"standard","meta":{"footnotes":""},"categories":[53],"tags":[],"class_list":["post-7888","post","type-post","status-publish","format-standard","has-post-thumbnail","hentry","category-noticias-generales"],"lang":"es","translations":{"es":7888},"pll_sync_post":[],"post_mailing_queue_ids":[],"_links":{"self":[{"href":"http:\/\/staging.ibermusicas.org\/index.php\/wp-json\/wp\/v2\/posts\/7888","targetHints":{"allow":["GET"]}}],"collection":[{"href":"http:\/\/staging.ibermusicas.org\/index.php\/wp-json\/wp\/v2\/posts"}],"about":[{"href":"http:\/\/staging.ibermusicas.org\/index.php\/wp-json\/wp\/v2\/types\/post"}],"author":[{"embeddable":true,"href":"http:\/\/staging.ibermusicas.org\/index.php\/wp-json\/wp\/v2\/users\/1"}],"replies":[{"embeddable":true,"href":"http:\/\/staging.ibermusicas.org\/index.php\/wp-json\/wp\/v2\/comments?post=7888"}],"version-history":[{"count":1,"href":"http:\/\/staging.ibermusicas.org\/index.php\/wp-json\/wp\/v2\/posts\/7888\/revisions"}],"predecessor-version":[{"id":7890,"href":"http:\/\/staging.ibermusicas.org\/index.php\/wp-json\/wp\/v2\/posts\/7888\/revisions\/7890"}],"wp:featuredmedia":[{"embeddable":true,"href":"http:\/\/staging.ibermusicas.org\/index.php\/wp-json\/wp\/v2\/media\/7889"}],"wp:attachment":[{"href":"http:\/\/staging.ibermusicas.org\/index.php\/wp-json\/wp\/v2\/media?parent=7888"}],"wp:term":[{"taxonomy":"category","embeddable":true,"href":"http:\/\/staging.ibermusicas.org\/index.php\/wp-json\/wp\/v2\/categories?post=7888"},{"taxonomy":"post_tag","embeddable":true,"href":"http:\/\/staging.ibermusicas.org\/index.php\/wp-json\/wp\/v2\/tags?post=7888"}],"curies":[{"name":"wp","href":"https:\/\/api.w.org\/{rel}","templated":true}]}}