{"id":7903,"date":"2019-03-06T10:45:40","date_gmt":"2019-03-06T10:45:40","guid":{"rendered":"http:\/\/staging.ibermusicas.org\/?p=7903"},"modified":"2021-07-06T10:46:44","modified_gmt":"2021-07-06T10:46:44","slug":"la-agrupacion-panamena-tambo-jazz-collective-se-presentara-en-el-san-jose-jazz-weekend-de-baja-california-sur-mexico","status":"publish","type":"post","link":"http:\/\/staging.ibermusicas.org\/index.php\/la-agrupacion-panamena-tambo-jazz-collective-se-presentara-en-el-san-jose-jazz-weekend-de-baja-california-sur-mexico\/","title":{"rendered":"La agrupaci\u00f3n paname\u00f1a Tambo Jazz Collective se presentar\u00e1 en el San Jos\u00e9 Jazz Weekend de Baja California Sur, M\u00e9xico"},"content":{"rendered":"<p><span data-sheets-value=\"{&quot;1&quot;:2,&quot;2&quot;:&quot;Tambo Jazz Collective es una agrupaci\u00f3n art\u00edstica compuesta por m\u00fasicos paname\u00f1os reunidos con el fin de explorar la fusi\u00f3n entre el jazz y la m\u00fasica folcl\u00f3rica de Panam\u00e1 como una forma de rendir homenaje a los pioneros de esta corriente y celebrar la identidad istme\u00f1a.&quot;}\" data-sheets-userformat=\"{&quot;2&quot;:513,&quot;3&quot;:{&quot;1&quot;:0},&quot;12&quot;:0}\">Tambo Jazz Collective es una agrupaci\u00f3n art\u00edstica compuesta por m\u00fasicos paname\u00f1os reunidos con el fin de explorar la fusi\u00f3n entre el jazz y la m\u00fasica folcl\u00f3rica de Panam\u00e1 como una forma de rendir homenaje a los pioneros de esta corriente y celebrar la identidad istme\u00f1a.<\/span><\/p>\n","protected":false},"excerpt":{"rendered":"<p>Tambo Jazz Collective es una agrupaci\u00f3n art\u00edstica compuesta por m\u00fasicos paname\u00f1os reunidos con el fin de explorar la fusi\u00f3n entre el jazz y la m\u00fasica folcl\u00f3rica de Panam\u00e1 como una forma de rendir homenaje a los pioneros de esta corriente y celebrar la identidad istme\u00f1a.<\/p>\n","protected":false},"author":1,"featured_media":7904,"comment_status":"closed","ping_status":"closed","sticky":false,"template":"","format":"standard","meta":{"footnotes":""},"categories":[53],"tags":[],"class_list":["post-7903","post","type-post","status-publish","format-standard","has-post-thumbnail","hentry","category-noticias-generales"],"lang":"es","translations":{"es":7903},"pll_sync_post":[],"post_mailing_queue_ids":[],"_links":{"self":[{"href":"http:\/\/staging.ibermusicas.org\/index.php\/wp-json\/wp\/v2\/posts\/7903","targetHints":{"allow":["GET"]}}],"collection":[{"href":"http:\/\/staging.ibermusicas.org\/index.php\/wp-json\/wp\/v2\/posts"}],"about":[{"href":"http:\/\/staging.ibermusicas.org\/index.php\/wp-json\/wp\/v2\/types\/post"}],"author":[{"embeddable":true,"href":"http:\/\/staging.ibermusicas.org\/index.php\/wp-json\/wp\/v2\/users\/1"}],"replies":[{"embeddable":true,"href":"http:\/\/staging.ibermusicas.org\/index.php\/wp-json\/wp\/v2\/comments?post=7903"}],"version-history":[{"count":1,"href":"http:\/\/staging.ibermusicas.org\/index.php\/wp-json\/wp\/v2\/posts\/7903\/revisions"}],"predecessor-version":[{"id":7905,"href":"http:\/\/staging.ibermusicas.org\/index.php\/wp-json\/wp\/v2\/posts\/7903\/revisions\/7905"}],"wp:featuredmedia":[{"embeddable":true,"href":"http:\/\/staging.ibermusicas.org\/index.php\/wp-json\/wp\/v2\/media\/7904"}],"wp:attachment":[{"href":"http:\/\/staging.ibermusicas.org\/index.php\/wp-json\/wp\/v2\/media?parent=7903"}],"wp:term":[{"taxonomy":"category","embeddable":true,"href":"http:\/\/staging.ibermusicas.org\/index.php\/wp-json\/wp\/v2\/categories?post=7903"},{"taxonomy":"post_tag","embeddable":true,"href":"http:\/\/staging.ibermusicas.org\/index.php\/wp-json\/wp\/v2\/tags?post=7903"}],"curies":[{"name":"wp","href":"https:\/\/api.w.org\/{rel}","templated":true}]}}