{"id":7906,"date":"2019-01-10T10:46:59","date_gmt":"2019-01-10T10:46:59","guid":{"rendered":"http:\/\/staging.ibermusicas.org\/?p=7906"},"modified":"2021-07-06T10:48:42","modified_gmt":"2021-07-06T10:48:42","slug":"tras-su-exitosa-presentacion-del-mes-de-enero-en-el-festival-serenadas-de-uruguay-el-duo-mexicano-ampersan-continua-su-camino-con-una-gira-por-argentina-y-uruguay","status":"publish","type":"post","link":"http:\/\/staging.ibermusicas.org\/index.php\/tras-su-exitosa-presentacion-del-mes-de-enero-en-el-festival-serenadas-de-uruguay-el-duo-mexicano-ampersan-continua-su-camino-con-una-gira-por-argentina-y-uruguay\/","title":{"rendered":"Tras su exitosa presentaci\u00f3n del mes de enero en el Festival Serenadas de Uruguay, el d\u00fao Mexicano Ampersan, contin\u00faa su camino con una gira por Argentina y Uruguay"},"content":{"rendered":"<p><span data-sheets-value=\"{&quot;1&quot;:2,&quot;2&quot;:&quot;Ampersan, banda oriunda de Guadalajara, Jalisco, cuyo sello es la fusi\u00f3n de sonidos electr\u00f3nicos con las ra\u00edces del son y la m\u00fasica tradicional mexicana, est\u00e1 integrada por Kevin Garc\u00eda y Zindu Cano, quienes componen temas originales y musicalizan poemas de la literatura hispanoamericana de escritores tan diversos como Nezahualc\u00f3yotl, Orlando Guill\u00e9n y Leonel Rugama.\\r &quot;}\" data-sheets-userformat=\"{&quot;2&quot;:513,&quot;3&quot;:{&quot;1&quot;:0},&quot;12&quot;:0}\">Ampersan, banda oriunda de Guadalajara, Jalisco, cuyo sello es la fusi\u00f3n de sonidos electr\u00f3nicos con las ra\u00edces del son y la m\u00fasica tradicional mexicana, est\u00e1 integrada por Kevin Garc\u00eda y Zindu Cano, quienes componen temas originales y musicalizan poemas de la literatura hispanoamericana de escritores tan diversos como Nezahualc\u00f3yotl, Orlando Guill\u00e9n y Leonel Rugama. <\/span><\/p>\n","protected":false},"excerpt":{"rendered":"<p>Ampersan, banda oriunda de Guadalajara, Jalisco, cuyo sello es la fusi\u00f3n de sonidos electr\u00f3nicos con las ra\u00edces del son y la m\u00fasica tradicional mexicana, est\u00e1 integrada por Kevin Garc\u00eda y Zindu Cano, quienes componen temas originales y musicalizan poemas de la literatura hispanoamericana de escritores tan diversos como Nezahualc\u00f3yotl, Orlando Guill\u00e9n y Leonel Rugama.<\/p>\n","protected":false},"author":1,"featured_media":7907,"comment_status":"closed","ping_status":"closed","sticky":false,"template":"","format":"standard","meta":{"footnotes":""},"categories":[53],"tags":[],"class_list":["post-7906","post","type-post","status-publish","format-standard","has-post-thumbnail","hentry","category-noticias-generales"],"lang":"es","translations":{"es":7906},"pll_sync_post":[],"post_mailing_queue_ids":[],"_links":{"self":[{"href":"http:\/\/staging.ibermusicas.org\/index.php\/wp-json\/wp\/v2\/posts\/7906","targetHints":{"allow":["GET"]}}],"collection":[{"href":"http:\/\/staging.ibermusicas.org\/index.php\/wp-json\/wp\/v2\/posts"}],"about":[{"href":"http:\/\/staging.ibermusicas.org\/index.php\/wp-json\/wp\/v2\/types\/post"}],"author":[{"embeddable":true,"href":"http:\/\/staging.ibermusicas.org\/index.php\/wp-json\/wp\/v2\/users\/1"}],"replies":[{"embeddable":true,"href":"http:\/\/staging.ibermusicas.org\/index.php\/wp-json\/wp\/v2\/comments?post=7906"}],"version-history":[{"count":1,"href":"http:\/\/staging.ibermusicas.org\/index.php\/wp-json\/wp\/v2\/posts\/7906\/revisions"}],"predecessor-version":[{"id":7908,"href":"http:\/\/staging.ibermusicas.org\/index.php\/wp-json\/wp\/v2\/posts\/7906\/revisions\/7908"}],"wp:featuredmedia":[{"embeddable":true,"href":"http:\/\/staging.ibermusicas.org\/index.php\/wp-json\/wp\/v2\/media\/7907"}],"wp:attachment":[{"href":"http:\/\/staging.ibermusicas.org\/index.php\/wp-json\/wp\/v2\/media?parent=7906"}],"wp:term":[{"taxonomy":"category","embeddable":true,"href":"http:\/\/staging.ibermusicas.org\/index.php\/wp-json\/wp\/v2\/categories?post=7906"},{"taxonomy":"post_tag","embeddable":true,"href":"http:\/\/staging.ibermusicas.org\/index.php\/wp-json\/wp\/v2\/tags?post=7906"}],"curies":[{"name":"wp","href":"https:\/\/api.w.org\/{rel}","templated":true}]}}