{"id":7915,"date":"2019-03-17T10:52:21","date_gmt":"2019-03-17T10:52:21","guid":{"rendered":"http:\/\/staging.ibermusicas.org\/?p=7915"},"modified":"2021-07-06T10:54:06","modified_gmt":"2021-07-06T10:54:06","slug":"desde-colombia-esteban-copete-y-su-kinteto-pacifico-realizaran-mi-mision-tour-gira-que-los-llevara-a-tocar-en-san-pablo-montevideo-y-buenos-aires","status":"publish","type":"post","link":"http:\/\/staging.ibermusicas.org\/index.php\/desde-colombia-esteban-copete-y-su-kinteto-pacifico-realizaran-mi-mision-tour-gira-que-los-llevara-a-tocar-en-san-pablo-montevideo-y-buenos-aires\/","title":{"rendered":"Desde Colombia Esteban Copete y su Kinteto Pac\u00edfico realizar\u00e1n Mi Misi\u00f3n Tour, gira que los llevar\u00e1 a tocar en San Pablo, Montevideo y Buenos Aires"},"content":{"rendered":"<p><span data-sheets-value=\"{&quot;1&quot;:2,&quot;2&quot;:&quot;En el mes de marzo los ritmos de ra\u00edz del Pac\u00edfico Colombiano, girar\u00e1n por el sur del continente americano de la mano de la marimba de chonta y los instrumentos t\u00edpicos de la regi\u00f3n interpretados por Esteban Copete y su  Kinteto Pac\u00edfico.\\r  \\r &quot;}\" data-sheets-userformat=\"{&quot;2&quot;:513,&quot;3&quot;:{&quot;1&quot;:0},&quot;12&quot;:0}\">En el mes de marzo los ritmos de ra\u00edz del Pac\u00edfico Colombiano, girar\u00e1n por el sur del continente americano de la mano de la marimba de chonta y los instrumentos t\u00edpicos de la regi\u00f3n interpretados por Esteban Copete y su Kinteto Pac\u00edfico. <\/span><\/p>\n","protected":false},"excerpt":{"rendered":"<p>En el mes de marzo los ritmos de ra\u00edz del Pac\u00edfico Colombiano, girar\u00e1n por el sur del continente americano de la mano de la marimba de chonta y los instrumentos t\u00edpicos de la regi\u00f3n interpretados por Esteban Copete y su Kinteto Pac\u00edfico.<\/p>\n","protected":false},"author":1,"featured_media":7916,"comment_status":"closed","ping_status":"closed","sticky":false,"template":"","format":"standard","meta":{"footnotes":""},"categories":[53],"tags":[],"class_list":["post-7915","post","type-post","status-publish","format-standard","has-post-thumbnail","hentry","category-noticias-generales"],"lang":"es","translations":{"es":7915},"pll_sync_post":[],"post_mailing_queue_ids":[],"_links":{"self":[{"href":"http:\/\/staging.ibermusicas.org\/index.php\/wp-json\/wp\/v2\/posts\/7915","targetHints":{"allow":["GET"]}}],"collection":[{"href":"http:\/\/staging.ibermusicas.org\/index.php\/wp-json\/wp\/v2\/posts"}],"about":[{"href":"http:\/\/staging.ibermusicas.org\/index.php\/wp-json\/wp\/v2\/types\/post"}],"author":[{"embeddable":true,"href":"http:\/\/staging.ibermusicas.org\/index.php\/wp-json\/wp\/v2\/users\/1"}],"replies":[{"embeddable":true,"href":"http:\/\/staging.ibermusicas.org\/index.php\/wp-json\/wp\/v2\/comments?post=7915"}],"version-history":[{"count":1,"href":"http:\/\/staging.ibermusicas.org\/index.php\/wp-json\/wp\/v2\/posts\/7915\/revisions"}],"predecessor-version":[{"id":7917,"href":"http:\/\/staging.ibermusicas.org\/index.php\/wp-json\/wp\/v2\/posts\/7915\/revisions\/7917"}],"wp:featuredmedia":[{"embeddable":true,"href":"http:\/\/staging.ibermusicas.org\/index.php\/wp-json\/wp\/v2\/media\/7916"}],"wp:attachment":[{"href":"http:\/\/staging.ibermusicas.org\/index.php\/wp-json\/wp\/v2\/media?parent=7915"}],"wp:term":[{"taxonomy":"category","embeddable":true,"href":"http:\/\/staging.ibermusicas.org\/index.php\/wp-json\/wp\/v2\/categories?post=7915"},{"taxonomy":"post_tag","embeddable":true,"href":"http:\/\/staging.ibermusicas.org\/index.php\/wp-json\/wp\/v2\/tags?post=7915"}],"curies":[{"name":"wp","href":"https:\/\/api.w.org\/{rel}","templated":true}]}}