{"id":7918,"date":"2019-03-16T10:54:18","date_gmt":"2019-03-16T10:54:18","guid":{"rendered":"http:\/\/staging.ibermusicas.org\/?p=7918"},"modified":"2021-07-06T10:55:22","modified_gmt":"2021-07-06T10:55:22","slug":"se-realiza-en-cuba-una-nueva-edicion-del-havana-world-music-entre-varias-decenas-de-grandes-artistas-la-banda-brasilena-francisco-el-hombre-sera-parte-de-la-programacion","status":"publish","type":"post","link":"http:\/\/staging.ibermusicas.org\/index.php\/se-realiza-en-cuba-una-nueva-edicion-del-havana-world-music-entre-varias-decenas-de-grandes-artistas-la-banda-brasilena-francisco-el-hombre-sera-parte-de-la-programacion\/","title":{"rendered":"Se realiza en Cuba una nueva edici\u00f3n del Havana World Music. Entre varias decenas de grandes artistas, la banda brasile\u00f1a Francisco El Hombre, ser\u00e1 parte de la programaci\u00f3n"},"content":{"rendered":"<p><span data-sheets-value=\"{&quot;1&quot;:2,&quot;2&quot;:&quot;El Havana Word Musica, m\u00e1s que festival, es un fen\u00f3meno social entre los j\u00f3venes y los amantes de la m\u00fasica. &quot;}\" data-sheets-userformat=\"{&quot;2&quot;:513,&quot;3&quot;:{&quot;1&quot;:0},&quot;12&quot;:0}\">El Havana Word Musica, m\u00e1s que festival, es un fen\u00f3meno social entre los j\u00f3venes y los amantes de la m\u00fasica. <\/span><\/p>\n","protected":false},"excerpt":{"rendered":"<p>El Havana Word Musica, m\u00e1s que festival, es un fen\u00f3meno social entre los j\u00f3venes y los amantes de la m\u00fasica.<\/p>\n","protected":false},"author":1,"featured_media":7919,"comment_status":"closed","ping_status":"closed","sticky":false,"template":"","format":"standard","meta":{"footnotes":""},"categories":[53],"tags":[],"class_list":["post-7918","post","type-post","status-publish","format-standard","has-post-thumbnail","hentry","category-noticias-generales"],"lang":"es","translations":{"es":7918},"pll_sync_post":[],"post_mailing_queue_ids":[],"_links":{"self":[{"href":"http:\/\/staging.ibermusicas.org\/index.php\/wp-json\/wp\/v2\/posts\/7918","targetHints":{"allow":["GET"]}}],"collection":[{"href":"http:\/\/staging.ibermusicas.org\/index.php\/wp-json\/wp\/v2\/posts"}],"about":[{"href":"http:\/\/staging.ibermusicas.org\/index.php\/wp-json\/wp\/v2\/types\/post"}],"author":[{"embeddable":true,"href":"http:\/\/staging.ibermusicas.org\/index.php\/wp-json\/wp\/v2\/users\/1"}],"replies":[{"embeddable":true,"href":"http:\/\/staging.ibermusicas.org\/index.php\/wp-json\/wp\/v2\/comments?post=7918"}],"version-history":[{"count":1,"href":"http:\/\/staging.ibermusicas.org\/index.php\/wp-json\/wp\/v2\/posts\/7918\/revisions"}],"predecessor-version":[{"id":7920,"href":"http:\/\/staging.ibermusicas.org\/index.php\/wp-json\/wp\/v2\/posts\/7918\/revisions\/7920"}],"wp:featuredmedia":[{"embeddable":true,"href":"http:\/\/staging.ibermusicas.org\/index.php\/wp-json\/wp\/v2\/media\/7919"}],"wp:attachment":[{"href":"http:\/\/staging.ibermusicas.org\/index.php\/wp-json\/wp\/v2\/media?parent=7918"}],"wp:term":[{"taxonomy":"category","embeddable":true,"href":"http:\/\/staging.ibermusicas.org\/index.php\/wp-json\/wp\/v2\/categories?post=7918"},{"taxonomy":"post_tag","embeddable":true,"href":"http:\/\/staging.ibermusicas.org\/index.php\/wp-json\/wp\/v2\/tags?post=7918"}],"curies":[{"name":"wp","href":"https:\/\/api.w.org\/{rel}","templated":true}]}}