{"id":7925,"date":"2021-03-05T10:56:44","date_gmt":"2021-03-05T10:56:44","guid":{"rendered":"http:\/\/staging.ibermusicas.org\/?p=7925"},"modified":"2021-07-06T10:57:44","modified_gmt":"2021-07-06T10:57:44","slug":"en-el-mes-de-marzo-el-marimbista-mexicano-javier-nandayapa-inicia-una-serie-de-actividades-artisticas-que-a-lo-largo-del-ano-lo-llevaran-por-distintos-puntos-de-la-region","status":"publish","type":"post","link":"http:\/\/staging.ibermusicas.org\/index.php\/en-el-mes-de-marzo-el-marimbista-mexicano-javier-nandayapa-inicia-una-serie-de-actividades-artisticas-que-a-lo-largo-del-ano-lo-llevaran-por-distintos-puntos-de-la-region\/","title":{"rendered":"En el mes de marzo el marimbista mexicano Javier Nandayapa inicia una serie de actividades art\u00edsticas que a lo largo del a\u00f1o lo llevar\u00e1n por distintos puntos de la regi\u00f3n"},"content":{"rendered":"<p><span data-sheets-value=\"{&quot;1&quot;:2,&quot;2&quot;:&quot;Javier Nandayapa inici\u00f3 sus actividades musicales en 1989 con la \\&quot;Marimba Nandayapa\\&quot; al lado de su padre y hermanos, participando en todas las grabaciones, conciertos y giras internacionales que \u00e9sta agrupaci\u00f3n realiz\u00f3 hasta el a\u00f1o 2011. &quot;}\" data-sheets-userformat=\"{&quot;2&quot;:513,&quot;3&quot;:{&quot;1&quot;:0},&quot;12&quot;:0}\">Javier Nandayapa inici\u00f3 sus actividades musicales en 1989 con la \u00abMarimba Nandayapa\u00bb al lado de su padre y hermanos, participando en todas las grabaciones, conciertos y giras internacionales que \u00e9sta agrupaci\u00f3n realiz\u00f3 hasta el a\u00f1o 2011. <\/span><\/p>\n","protected":false},"excerpt":{"rendered":"<p>Javier Nandayapa inici\u00f3 sus actividades musicales en 1989 con la \u00abMarimba Nandayapa\u00bb al lado de su padre y hermanos, participando en todas las grabaciones, conciertos y giras internacionales que \u00e9sta agrupaci\u00f3n realiz\u00f3 hasta el a\u00f1o 2011.<\/p>\n","protected":false},"author":1,"featured_media":7926,"comment_status":"closed","ping_status":"closed","sticky":false,"template":"","format":"standard","meta":{"footnotes":""},"categories":[53],"tags":[],"class_list":["post-7925","post","type-post","status-publish","format-standard","has-post-thumbnail","hentry","category-noticias-generales"],"lang":"es","translations":{"es":7925},"pll_sync_post":[],"post_mailing_queue_ids":[],"_links":{"self":[{"href":"http:\/\/staging.ibermusicas.org\/index.php\/wp-json\/wp\/v2\/posts\/7925","targetHints":{"allow":["GET"]}}],"collection":[{"href":"http:\/\/staging.ibermusicas.org\/index.php\/wp-json\/wp\/v2\/posts"}],"about":[{"href":"http:\/\/staging.ibermusicas.org\/index.php\/wp-json\/wp\/v2\/types\/post"}],"author":[{"embeddable":true,"href":"http:\/\/staging.ibermusicas.org\/index.php\/wp-json\/wp\/v2\/users\/1"}],"replies":[{"embeddable":true,"href":"http:\/\/staging.ibermusicas.org\/index.php\/wp-json\/wp\/v2\/comments?post=7925"}],"version-history":[{"count":1,"href":"http:\/\/staging.ibermusicas.org\/index.php\/wp-json\/wp\/v2\/posts\/7925\/revisions"}],"predecessor-version":[{"id":7927,"href":"http:\/\/staging.ibermusicas.org\/index.php\/wp-json\/wp\/v2\/posts\/7925\/revisions\/7927"}],"wp:featuredmedia":[{"embeddable":true,"href":"http:\/\/staging.ibermusicas.org\/index.php\/wp-json\/wp\/v2\/media\/7926"}],"wp:attachment":[{"href":"http:\/\/staging.ibermusicas.org\/index.php\/wp-json\/wp\/v2\/media?parent=7925"}],"wp:term":[{"taxonomy":"category","embeddable":true,"href":"http:\/\/staging.ibermusicas.org\/index.php\/wp-json\/wp\/v2\/categories?post=7925"},{"taxonomy":"post_tag","embeddable":true,"href":"http:\/\/staging.ibermusicas.org\/index.php\/wp-json\/wp\/v2\/tags?post=7925"}],"curies":[{"name":"wp","href":"https:\/\/api.w.org\/{rel}","templated":true}]}}