{"id":7928,"date":"2019-03-12T10:57:52","date_gmt":"2019-03-12T10:57:52","guid":{"rendered":"http:\/\/staging.ibermusicas.org\/?p=7928"},"modified":"2021-07-06T10:59:06","modified_gmt":"2021-07-06T10:59:06","slug":"el-quinteto-persch-la-agrupacion-brasilena-dedicada-a-la-musica-academica-con-acordeon-viaja-a-chile-para-presentarse-en-el-vii-concurso-nacional-de-acordeon","status":"publish","type":"post","link":"http:\/\/staging.ibermusicas.org\/index.php\/el-quinteto-persch-la-agrupacion-brasilena-dedicada-a-la-musica-academica-con-acordeon-viaja-a-chile-para-presentarse-en-el-vii-concurso-nacional-de-acordeon\/","title":{"rendered":"El Quinteto Persch, la agrupaci\u00f3n brasile\u00f1a dedicada a la m\u00fasica acad\u00e9mica con acorde\u00f3n, viaja a Chile para presentarse en el VII Concurso Nacional de Acorde\u00f3n."},"content":{"rendered":"<p><span data-sheets-value=\"{&quot;1&quot;:2,&quot;2&quot;:&quot;El quinteto Persch inici\u00f3 sus actividades en 1999 en Porto Alegro con el objetivo de difundir el uso del acorde\u00f3n a piano en la m\u00fasica de c\u00e1mara demostrando su versatilidad y realizando una exploraci\u00f3n del instrumento dentro de un repertorio acad\u00e9mico. Es el \u00fanico grupo en Brasil que cuenta con estar formaci\u00f3n instrumental. &quot;}\" data-sheets-userformat=\"{&quot;2&quot;:513,&quot;3&quot;:{&quot;1&quot;:0},&quot;12&quot;:0}\">El quinteto Persch inici\u00f3 sus actividades en 1999 en Porto Alegro con el objetivo de difundir el uso del acorde\u00f3n a piano en la m\u00fasica de c\u00e1mara demostrando su versatilidad y realizando una exploraci\u00f3n del instrumento dentro de un repertorio acad\u00e9mico. Es el \u00fanico grupo en Brasil que cuenta con estar formaci\u00f3n instrumental. <\/span><\/p>\n","protected":false},"excerpt":{"rendered":"<p>El quinteto Persch inici\u00f3 sus actividades en 1999 en Porto Alegro con el objetivo de difundir el uso del acorde\u00f3n a piano en la m\u00fasica de c\u00e1mara demostrando su versatilidad y realizando una exploraci\u00f3n del instrumento dentro de un repertorio acad\u00e9mico. Es el \u00fanico grupo en Brasil que cuenta con estar formaci\u00f3n instrumental.<\/p>\n","protected":false},"author":1,"featured_media":7929,"comment_status":"closed","ping_status":"closed","sticky":false,"template":"","format":"standard","meta":{"footnotes":""},"categories":[53],"tags":[],"class_list":["post-7928","post","type-post","status-publish","format-standard","has-post-thumbnail","hentry","category-noticias-generales"],"lang":"es","translations":{"es":7928},"pll_sync_post":[],"post_mailing_queue_ids":[],"_links":{"self":[{"href":"http:\/\/staging.ibermusicas.org\/index.php\/wp-json\/wp\/v2\/posts\/7928","targetHints":{"allow":["GET"]}}],"collection":[{"href":"http:\/\/staging.ibermusicas.org\/index.php\/wp-json\/wp\/v2\/posts"}],"about":[{"href":"http:\/\/staging.ibermusicas.org\/index.php\/wp-json\/wp\/v2\/types\/post"}],"author":[{"embeddable":true,"href":"http:\/\/staging.ibermusicas.org\/index.php\/wp-json\/wp\/v2\/users\/1"}],"replies":[{"embeddable":true,"href":"http:\/\/staging.ibermusicas.org\/index.php\/wp-json\/wp\/v2\/comments?post=7928"}],"version-history":[{"count":1,"href":"http:\/\/staging.ibermusicas.org\/index.php\/wp-json\/wp\/v2\/posts\/7928\/revisions"}],"predecessor-version":[{"id":7930,"href":"http:\/\/staging.ibermusicas.org\/index.php\/wp-json\/wp\/v2\/posts\/7928\/revisions\/7930"}],"wp:featuredmedia":[{"embeddable":true,"href":"http:\/\/staging.ibermusicas.org\/index.php\/wp-json\/wp\/v2\/media\/7929"}],"wp:attachment":[{"href":"http:\/\/staging.ibermusicas.org\/index.php\/wp-json\/wp\/v2\/media?parent=7928"}],"wp:term":[{"taxonomy":"category","embeddable":true,"href":"http:\/\/staging.ibermusicas.org\/index.php\/wp-json\/wp\/v2\/categories?post=7928"},{"taxonomy":"post_tag","embeddable":true,"href":"http:\/\/staging.ibermusicas.org\/index.php\/wp-json\/wp\/v2\/tags?post=7928"}],"curies":[{"name":"wp","href":"https:\/\/api.w.org\/{rel}","templated":true}]}}