{"id":7932,"date":"2021-07-06T17:04:20","date_gmt":"2021-07-06T17:04:20","guid":{"rendered":"http:\/\/staging.ibermusicas.org\/?p=7932"},"modified":"2021-08-02T18:35:50","modified_gmt":"2021-08-02T18:35:50","slug":"el-contratenor-colombiano-asael-cuesta-sera-parte-de-la-programacion-del-xvii-barcelona-festival-of-song-summer-program-of-latin-american-and-iberian-vocal-repertoire","status":"publish","type":"post","link":"http:\/\/staging.ibermusicas.org\/index.php\/el-contratenor-colombiano-asael-cuesta-sera-parte-de-la-programacion-del-xvii-barcelona-festival-of-song-summer-program-of-latin-american-and-iberian-vocal-repertoire\/","title":{"rendered":"El contratenor colombiano Asael Cuesta, ser\u00e1 parte de la programaci\u00f3n del XVII Barcelona Festival of Song Summer Program of Latin American and Iberian Vocal Repertoire"},"content":{"rendered":"<p>Asael Cuesta, contratenor y exponente de la m\u00fasica folcl\u00f3rica colombiana es miembro activo de la comunidad Nasa, uno de los grupos originarios de mayor poblaci\u00f3n en Colombia. Ha llevado a cabo una ardua labor dedicada al rescate e interpretaci\u00f3n de canciones en lengua Nasa Yuwe.<\/p>\n<p>Asael Cuesta sostiene que durante muchos a\u00f1os la m\u00fasica de compositores Latinoamericanos e Ib\u00e9ricos, a diferencia de otros repertorios de la academia, ha estado excluida de los escenarios y del plan de estudio para cantantes de Conservatorios y Universidades y que por ende se piensa que esta m\u00fasica no existe, lo cual ha afectado en la difusi\u00f3n y perpetuaci\u00f3n de la m\u00fasica de compositores latinoamericanos y en las m\u00fasicas con influencias de lenguas amerindias, especialmente en el caso de la Canci\u00f3n Art\u00edstica Latinoamericana. Asael Cuesta participar\u00e1 como int\u00e9rprete y estudiante activo del Barcelona Festival of Song, un festival \u00fanico en el mundo dedicado al estudio y promoci\u00f3n del repertorio vocal Ib\u00e9rico y latinoamericano en castellano, catal\u00e1n y portugu\u00e9s. Su presentaci\u00f3n ser\u00e1 parte del evento de clausura del festival.<\/p>\n<p>17 de julio 20:30 hs. Cants de l&#8217;\u00e0nima, Reial Cercle Art\u00edstic, Barcelona, Espa\u00f1a<\/p>\n","protected":false},"excerpt":{"rendered":"<p>Asael Cuesta, contratenor y exponente de la m\u00fasica folcl\u00f3rica colombiana es miembro activo de la comunidad Nasa, uno de los grupos originarios de mayor poblaci\u00f3n en Colombia. Ha llevado a cabo una ardua labor dedicada al rescate e interpretaci\u00f3n de canciones en lengua Nasa Yuwe. Asael Cuesta sostiene que durante muchos a\u00f1os la m\u00fasica de [&hellip;]<\/p>\n","protected":false},"author":1,"featured_media":7933,"comment_status":"closed","ping_status":"closed","sticky":false,"template":"","format":"standard","meta":{"footnotes":""},"categories":[53],"tags":[],"class_list":["post-7932","post","type-post","status-publish","format-standard","has-post-thumbnail","hentry","category-noticias-generales"],"lang":"es","translations":{"es":7932,"pt":7935},"pll_sync_post":[],"post_mailing_queue_ids":[],"_links":{"self":[{"href":"http:\/\/staging.ibermusicas.org\/index.php\/wp-json\/wp\/v2\/posts\/7932","targetHints":{"allow":["GET"]}}],"collection":[{"href":"http:\/\/staging.ibermusicas.org\/index.php\/wp-json\/wp\/v2\/posts"}],"about":[{"href":"http:\/\/staging.ibermusicas.org\/index.php\/wp-json\/wp\/v2\/types\/post"}],"author":[{"embeddable":true,"href":"http:\/\/staging.ibermusicas.org\/index.php\/wp-json\/wp\/v2\/users\/1"}],"replies":[{"embeddable":true,"href":"http:\/\/staging.ibermusicas.org\/index.php\/wp-json\/wp\/v2\/comments?post=7932"}],"version-history":[{"count":1,"href":"http:\/\/staging.ibermusicas.org\/index.php\/wp-json\/wp\/v2\/posts\/7932\/revisions"}],"predecessor-version":[{"id":7934,"href":"http:\/\/staging.ibermusicas.org\/index.php\/wp-json\/wp\/v2\/posts\/7932\/revisions\/7934"}],"wp:featuredmedia":[{"embeddable":true,"href":"http:\/\/staging.ibermusicas.org\/index.php\/wp-json\/wp\/v2\/media\/7933"}],"wp:attachment":[{"href":"http:\/\/staging.ibermusicas.org\/index.php\/wp-json\/wp\/v2\/media?parent=7932"}],"wp:term":[{"taxonomy":"category","embeddable":true,"href":"http:\/\/staging.ibermusicas.org\/index.php\/wp-json\/wp\/v2\/categories?post=7932"},{"taxonomy":"post_tag","embeddable":true,"href":"http:\/\/staging.ibermusicas.org\/index.php\/wp-json\/wp\/v2\/tags?post=7932"}],"curies":[{"name":"wp","href":"https:\/\/api.w.org\/{rel}","templated":true}]}}