{"id":7941,"date":"2021-07-06T17:09:27","date_gmt":"2021-07-06T17:09:27","guid":{"rendered":"http:\/\/staging.ibermusicas.org\/?p=7941"},"modified":"2021-08-02T18:37:54","modified_gmt":"2021-08-02T18:37:54","slug":"a-fundacao-amigos-do-silencio-deu-inicio-ao-ciclo-de-videoconferencia-contraponto-transoceanico-no-marco-do-xiii-encontro-de-musica-antigua-em-villa-de-leyva-colombia","status":"publish","type":"post","link":"http:\/\/staging.ibermusicas.org\/index.php\/a-fundacao-amigos-do-silencio-deu-inicio-ao-ciclo-de-videoconferencia-contraponto-transoceanico-no-marco-do-xiii-encontro-de-musica-antigua-em-villa-de-leyva-colombia\/","title":{"rendered":"A Funda\u00e7\u00e3o Amigos do Sil\u00eancio deu in\u00edcio ao ciclo de videoconfer\u00eancia \u00abContraponto Transoce\u00e2nico\u00bb no marco do XIII Encontro de M\u00fasica Antigua em Villa de Leyva, Col\u00f4mbia"},"content":{"rendered":"<p>\u00abContraponto transoce\u00e2nico: vig\u00eancia dos tons humanos\u00bb, \u00e9 um ciclo de seis videoconfer\u00eancias (webinar) emitido a cada duas semanas, entre 29 de junho e 7 de setembro de 2021. Visa a forma\u00e7\u00e3o no dom\u00ednio das pr\u00e1ticas musicais de interpreta\u00e7\u00e3o hist\u00f3rica e as suas liga\u00e7\u00f5es com as pr\u00e1ticas musicais tradicionais actuais. Este projeto de forma\u00e7\u00e3o digital visa fortalecer os Territ\u00f3rios Sonoros, em sua fun\u00e7\u00e3o de reconhecer os fluidos culturais do pa\u00eds e consolidar os espa\u00e7os das escolas de M\u00fasica como tecido protetor e transformador das tradi\u00e7\u00f5es. Ser\u00e1 de interesse para pesquisadores, historiadores, m\u00fasicos de of\u00edcio, professores de m\u00fasica e produtores musicais.<\/p>\n<p>A seguir, as tem\u00e1ticas que ser\u00e3o abordadas e suas respectivas datas: Os territ\u00f3rios soam (29 de junho), Palavra rimada e palavra cantada (13 de julho), Sem m\u00fasica n\u00e3o h\u00e1 dan\u00e7a (27 de julho), Tocando em forma (10 de agosto), Com todos os brinquedos (24 de agosto), De menestr\u00e9is a influencers (7 de setembro) de 2021, Os territ\u00f3rios soam &#8211; nova transmiss\u00e3o (21 de setembro).<\/p>\n","protected":false},"excerpt":{"rendered":"<p>\u00abContraponto transoce\u00e2nico: vig\u00eancia dos tons humanos\u00bb, \u00e9 um ciclo de seis videoconfer\u00eancias (webinar) emitido a cada duas semanas, entre 29 de junho e 7 de setembro de 2021. Visa a forma\u00e7\u00e3o no dom\u00ednio das pr\u00e1ticas musicais de interpreta\u00e7\u00e3o hist\u00f3rica e as suas liga\u00e7\u00f5es com as pr\u00e1ticas musicais tradicionais actuais. Este projeto de forma\u00e7\u00e3o digital visa [&hellip;]<\/p>\n","protected":false},"author":1,"featured_media":7938,"comment_status":"closed","ping_status":"closed","sticky":false,"template":"","format":"standard","meta":{"footnotes":""},"categories":[218],"tags":[],"class_list":["post-7941","post","type-post","status-publish","format-standard","has-post-thumbnail","hentry","category-noticias-generales-pt"],"lang":"pt","translations":{"pt":7941,"es":7937},"pll_sync_post":[],"post_mailing_queue_ids":[],"_links":{"self":[{"href":"http:\/\/staging.ibermusicas.org\/index.php\/wp-json\/wp\/v2\/posts\/7941","targetHints":{"allow":["GET"]}}],"collection":[{"href":"http:\/\/staging.ibermusicas.org\/index.php\/wp-json\/wp\/v2\/posts"}],"about":[{"href":"http:\/\/staging.ibermusicas.org\/index.php\/wp-json\/wp\/v2\/types\/post"}],"author":[{"embeddable":true,"href":"http:\/\/staging.ibermusicas.org\/index.php\/wp-json\/wp\/v2\/users\/1"}],"replies":[{"embeddable":true,"href":"http:\/\/staging.ibermusicas.org\/index.php\/wp-json\/wp\/v2\/comments?post=7941"}],"version-history":[{"count":1,"href":"http:\/\/staging.ibermusicas.org\/index.php\/wp-json\/wp\/v2\/posts\/7941\/revisions"}],"predecessor-version":[{"id":7942,"href":"http:\/\/staging.ibermusicas.org\/index.php\/wp-json\/wp\/v2\/posts\/7941\/revisions\/7942"}],"wp:featuredmedia":[{"embeddable":true,"href":"http:\/\/staging.ibermusicas.org\/index.php\/wp-json\/wp\/v2\/media\/7938"}],"wp:attachment":[{"href":"http:\/\/staging.ibermusicas.org\/index.php\/wp-json\/wp\/v2\/media?parent=7941"}],"wp:term":[{"taxonomy":"category","embeddable":true,"href":"http:\/\/staging.ibermusicas.org\/index.php\/wp-json\/wp\/v2\/categories?post=7941"},{"taxonomy":"post_tag","embeddable":true,"href":"http:\/\/staging.ibermusicas.org\/index.php\/wp-json\/wp\/v2\/tags?post=7941"}],"curies":[{"name":"wp","href":"https:\/\/api.w.org\/{rel}","templated":true}]}}