{"id":7943,"date":"2021-07-06T17:11:41","date_gmt":"2021-07-06T17:11:41","guid":{"rendered":"http:\/\/staging.ibermusicas.org\/?p=7943"},"modified":"2021-08-02T18:35:37","modified_gmt":"2021-08-02T18:35:37","slug":"llega-un-nuevo-concierto-de-a442-red-internacional-de-marimbistas-y-vibrafonistas","status":"publish","type":"post","link":"http:\/\/staging.ibermusicas.org\/index.php\/llega-un-nuevo-concierto-de-a442-red-internacional-de-marimbistas-y-vibrafonistas\/","title":{"rendered":"Llega un nuevo concierto de A442, Red Internacional de Marimbistas y Vibrafonistas"},"content":{"rendered":"<p>A442 Red Internacional de Vibrafonistas y Marimbistas es un colectivo de artistas latinoamericanos que a comienzos de esta cuarentena decidieron tejer lazos con el fin de visualizar y difundir a int\u00e9rpretes y compositores latinoamericanos de instrumentos de placas y expandir la audiencia de la m\u00fasica para vibr\u00e1fono y marimba.<\/p>\n<p>A442 Red est\u00e1 integrada por artistas de Colombia, Venezuela; Costa Rica, Puerto Rico, Guatemala, Uruguay, Paraguay, Argentina, M\u00e9xico, Ecuador, Chile, Brasil y Estados Unidos.<\/p>\n<p>En esta oportunidad la transmisi\u00f3n constar\u00e1 de conciertos de Eduardo Caicedo Mej\u00eda (Colombia), Marcelo Stuardo (Chile) y Mat\u00edas Morelli (Argentina).<\/p>\n<p>S\u00e1bado 10 de julio 19:00 hs. (Horario de Argentina\/Brasil) por facebook y youtube<\/p>\n","protected":false},"excerpt":{"rendered":"<p>A442 Red Internacional de Vibrafonistas y Marimbistas es un colectivo de artistas latinoamericanos que a comienzos de esta cuarentena decidieron tejer lazos con el fin de visualizar y difundir a int\u00e9rpretes y compositores latinoamericanos de instrumentos de placas y expandir la audiencia de la m\u00fasica para vibr\u00e1fono y marimba. A442 Red est\u00e1 integrada por artistas [&hellip;]<\/p>\n","protected":false},"author":1,"featured_media":7944,"comment_status":"closed","ping_status":"closed","sticky":false,"template":"","format":"standard","meta":{"footnotes":""},"categories":[53],"tags":[],"class_list":["post-7943","post","type-post","status-publish","format-standard","has-post-thumbnail","hentry","category-noticias-generales"],"lang":"es","translations":{"es":7943,"pt":7946},"pll_sync_post":[],"post_mailing_queue_ids":[],"_links":{"self":[{"href":"http:\/\/staging.ibermusicas.org\/index.php\/wp-json\/wp\/v2\/posts\/7943","targetHints":{"allow":["GET"]}}],"collection":[{"href":"http:\/\/staging.ibermusicas.org\/index.php\/wp-json\/wp\/v2\/posts"}],"about":[{"href":"http:\/\/staging.ibermusicas.org\/index.php\/wp-json\/wp\/v2\/types\/post"}],"author":[{"embeddable":true,"href":"http:\/\/staging.ibermusicas.org\/index.php\/wp-json\/wp\/v2\/users\/1"}],"replies":[{"embeddable":true,"href":"http:\/\/staging.ibermusicas.org\/index.php\/wp-json\/wp\/v2\/comments?post=7943"}],"version-history":[{"count":1,"href":"http:\/\/staging.ibermusicas.org\/index.php\/wp-json\/wp\/v2\/posts\/7943\/revisions"}],"predecessor-version":[{"id":7945,"href":"http:\/\/staging.ibermusicas.org\/index.php\/wp-json\/wp\/v2\/posts\/7943\/revisions\/7945"}],"wp:featuredmedia":[{"embeddable":true,"href":"http:\/\/staging.ibermusicas.org\/index.php\/wp-json\/wp\/v2\/media\/7944"}],"wp:attachment":[{"href":"http:\/\/staging.ibermusicas.org\/index.php\/wp-json\/wp\/v2\/media?parent=7943"}],"wp:term":[{"taxonomy":"category","embeddable":true,"href":"http:\/\/staging.ibermusicas.org\/index.php\/wp-json\/wp\/v2\/categories?post=7943"},{"taxonomy":"post_tag","embeddable":true,"href":"http:\/\/staging.ibermusicas.org\/index.php\/wp-json\/wp\/v2\/tags?post=7943"}],"curies":[{"name":"wp","href":"https:\/\/api.w.org\/{rel}","templated":true}]}}