{"id":7946,"date":"2021-07-06T17:12:56","date_gmt":"2021-07-06T17:12:56","guid":{"rendered":"http:\/\/staging.ibermusicas.org\/?p=7946"},"modified":"2021-08-02T18:37:49","modified_gmt":"2021-08-02T18:37:49","slug":"chega-um-novo-concerto-de-a442-rede-internacional-de-marimbistas-e-vibrafonistas","status":"publish","type":"post","link":"http:\/\/staging.ibermusicas.org\/index.php\/chega-um-novo-concerto-de-a442-rede-internacional-de-marimbistas-e-vibrafonistas\/","title":{"rendered":"Chega um novo concerto de A442, Rede Internacional de Marimbistas e Vibrafonistas"},"content":{"rendered":"<p>A442 Rede Internacional de Vibrafonistas e Marimbistas \u00e9 um coletivo de artistas latino-americanos que no in\u00edcio desta quarentena decidiram come\u00e7ar a tecer la\u00e7os a fim de visualizar e difundir int\u00e9rpretes e compositores latino-americanos de instrumentos de placas e expandir a audi\u00eancia da m\u00fasica para vibr\u00e1fono e marimba.<\/p>\n<p>A A442Red \u00e9 formada por artistas da Col\u00f4mbia, Venezuela; Costa Rica, Porto Rico, Guatemala, Uruguai, Paraguai, Argentina, M\u00e9xico, Equador, Chile, Brasil e Estados Unidos.<\/p>\n<p>Nesta oportunidade a transmiss\u00e3o constar\u00e1 de concertos de Eduardo Caicedo Mej\u00eda (Col\u00f4mbia), Marcelo Stuardo (Chile) e Mat\u00edas Morelli (Argentina).<\/p>\n<p>S\u00e1bado 10 de julho 19:00 hs. (Hor\u00e1rio Argentina\/Brasil) por facebook e youtube<\/p>\n","protected":false},"excerpt":{"rendered":"<p>A442 Rede Internacional de Vibrafonistas e Marimbistas \u00e9 um coletivo de artistas latino-americanos que no in\u00edcio desta quarentena decidiram come\u00e7ar a tecer la\u00e7os a fim de visualizar e difundir int\u00e9rpretes e compositores latino-americanos de instrumentos de placas e expandir a audi\u00eancia da m\u00fasica para vibr\u00e1fono e marimba. A A442Red \u00e9 formada por artistas da Col\u00f4mbia, [&hellip;]<\/p>\n","protected":false},"author":1,"featured_media":7944,"comment_status":"closed","ping_status":"closed","sticky":false,"template":"","format":"standard","meta":{"footnotes":""},"categories":[218],"tags":[],"class_list":["post-7946","post","type-post","status-publish","format-standard","has-post-thumbnail","hentry","category-noticias-generales-pt"],"lang":"pt","translations":{"pt":7946,"es":7943},"pll_sync_post":[],"post_mailing_queue_ids":[],"_links":{"self":[{"href":"http:\/\/staging.ibermusicas.org\/index.php\/wp-json\/wp\/v2\/posts\/7946","targetHints":{"allow":["GET"]}}],"collection":[{"href":"http:\/\/staging.ibermusicas.org\/index.php\/wp-json\/wp\/v2\/posts"}],"about":[{"href":"http:\/\/staging.ibermusicas.org\/index.php\/wp-json\/wp\/v2\/types\/post"}],"author":[{"embeddable":true,"href":"http:\/\/staging.ibermusicas.org\/index.php\/wp-json\/wp\/v2\/users\/1"}],"replies":[{"embeddable":true,"href":"http:\/\/staging.ibermusicas.org\/index.php\/wp-json\/wp\/v2\/comments?post=7946"}],"version-history":[{"count":1,"href":"http:\/\/staging.ibermusicas.org\/index.php\/wp-json\/wp\/v2\/posts\/7946\/revisions"}],"predecessor-version":[{"id":7947,"href":"http:\/\/staging.ibermusicas.org\/index.php\/wp-json\/wp\/v2\/posts\/7946\/revisions\/7947"}],"wp:featuredmedia":[{"embeddable":true,"href":"http:\/\/staging.ibermusicas.org\/index.php\/wp-json\/wp\/v2\/media\/7944"}],"wp:attachment":[{"href":"http:\/\/staging.ibermusicas.org\/index.php\/wp-json\/wp\/v2\/media?parent=7946"}],"wp:term":[{"taxonomy":"category","embeddable":true,"href":"http:\/\/staging.ibermusicas.org\/index.php\/wp-json\/wp\/v2\/categories?post=7946"},{"taxonomy":"post_tag","embeddable":true,"href":"http:\/\/staging.ibermusicas.org\/index.php\/wp-json\/wp\/v2\/tags?post=7946"}],"curies":[{"name":"wp","href":"https:\/\/api.w.org\/{rel}","templated":true}]}}